{"id":61246,"date":"2019-09-15T07:30:00","date_gmt":"2019-09-15T11:30:00","guid":{"rendered":"https:\/\/linitiative.ca\/International\/revelations-seydouna-legerie-de-caid-essebsi-morte-de-son-double-chagrin\/"},"modified":"2019-09-15T07:30:00","modified_gmt":"2019-09-15T11:30:00","slug":"revelations-seydouna-legerie-de-caid-essebsi-morte-de-son-double-chagrin","status":"publish","type":"post","link":"https:\/\/linitiative.ca\/International\/revelations-seydouna-legerie-de-caid-essebsi-morte-de-son-double-chagrin\/","title":{"rendered":"R\u00e9v\u00e9lations &#8211; Seydouna, l\u2019\u00e9g\u00e9rie de Ca\u00efd Essebsi, morte de son double chagrin"},"content":{"rendered":"<p>Elle \u00e9tait ravie de retrouver la maison familiale \u00e0 la S\u00e9nia Farhat, la Soukra, apr\u00e8s quatre ans et demi \u00ab d\u2019\u00e9loignement \u00bb \u00e0 Carthage. La veuve du pr\u00e9sident Ca\u00efd Essebsi, son \u00e9g\u00e9rie, Saida Chadlia, \u00ab Seydouna \u00bb, pour ses proches, n\u2019a pas eu le temps de savourer longuement sa \u00ab relocalisation \u00bb. Prise d\u2019un malaise subit, samedi soir, transf\u00e9r\u00e9e d\u2019urgence \u00e0 l\u2019h\u00f4pital militaire, elle rendra l\u2019\u00e2me t\u00f4t ce dimanche matin, vers 6h20. Se fun\u00e9railles, familiales, auront lieu lundi \u00e0 11 h du matin, indique un membre de la famille.<\/p>\n<p class=\"c3\"><span class=\"c2\"><strong>Lire aussi :\u00a0<\/strong><\/span><a href=\"https:\/\/www.leaders.com.tn\/article\/27964-saida-et-beji-caid-essebsi\"><span class=\"c2\"><strong>La veuve de B\u00e9ji Ca\u00efd Essebsi, Saida Chedlya, est d\u00e9c\u00e9d\u00e9e<\/strong><\/span><\/a><\/p>\n<p>Apr\u00e8s le d\u00e9c\u00e8s de son \u00e9poux le 25 juillet dernier, elle \u00e9tait rest\u00e9e encore quelques jours \u00e0 Dar Essalem, dans l\u2019enceinte du palais pr\u00e9sidentiel pour continuer \u00e0 recevoir des visiteurs officiels venus de l\u2019\u00e9tranger pr\u00e9senter leurs condol\u00e9ances. La maison familiale \u00e9tait repeinte et pr\u00eate \u00e0 l\u2019accueillir. Seydouna voyait dans ce retour \u00e0 la Soukra la fin d\u2019une parenth\u00e8se officielle et la reprise d\u2019une vie normale, entour\u00e9e des ses enfants, petits enfants et proches.\u00a0<\/p>\n<p>Dans cette r\u00e9sidence qui n\u2019a rien de particuli\u00e8rement luxueux, sauf le raffinement du go\u00fbt, charg\u00e9e de v\u00e9cus doux et harmonieux, le souvenir de Sil B\u00e9ji est partout pr\u00e9sent. Personne n\u2019arrive encore \u00e0 r\u00e9aliser son d\u00e9part, comme si tous pensent \u00e0 un simple voyage, comme il en avait l\u2019habitude. Seydouna, inconsolable, cherchait \u00e0 cacher son chagrin, heureuse de voir les petits-enfants patauger all\u00e8grement dans la piscine. En fait, ce sont deux grands chagrins qui l\u2019envahissaient : le d\u00e9c\u00e8s de son compagnon, Sil B\u00e9ji, et l\u2019\u00e9loignement de son fils Hafedh, parti \u00e0 l\u2019\u00e9tranger.<\/p>\n<p>Samedi en d\u00e9but de soir\u00e9e, Seydouna \u00e9tait afflig\u00e9e par cette double souffrance. \u00ab\u00a0Je ne me sens pas bien\u00a0\u00bb, l\u00e2che-t-elle \u00e0 un proche, avant de s\u2019enqu\u00e9rir de la date de retour de son fils, Hafedh.<\/p>\n<p>Surmontant sa peine, elle prendra part \u00e0 un d\u00eener de famille, sans s\u2019\u00e9carter de son r\u00e9gime spartiate. Vers 11h du soir? elle commencera \u00e0 avoir mal au c\u0153ur et subir un malaise. Les premiers soins m\u00e9dicaux qui lui ont \u00e9t\u00e9 prodigu\u00e9s \u00e0 domicile n\u2019arrivaient pas \u00e0 la soulager. D\u00e9cision fut alors prise de l\u2019\u00e9vacuer \u00e0 l\u2019h\u00f4pital militaire de Tunis, o\u00f9 son c\u0153ur cessera de battre, dimanche, t\u00f4t le matin.<\/p>\n<p>Auteur:<br \/>\n<a href=\"https:\/\/www.leaders.com.tn\/article\/27965-revelations-seydouna-l-egerie-de-caid-essebsi-morte-de-son-double-chagrin\">Cliquez ici pour lire l&rsquo;article depuis sa source.<\/a><\/p>\n","protected":false},"excerpt":{"rendered":"<p>Elle \u00e9tait ravie de retrouver la maison familiale \u00e0 la S\u00e9nia Farhat, la Soukra, apr\u00e8s quatre ans et demi \u00ab d\u2019\u00e9loignement \u00bb \u00e0 Carthage. La veuve du pr\u00e9sident Ca\u00efd Essebsi, son \u00e9g\u00e9rie, Saida Chadlia, \u00ab Seydouna \u00bb, pour ses proches, n\u2019a pas eu le temps de savourer longuement sa \u00ab relocalisation \u00bb. Prise d\u2019un malaise [&hellip;]<\/p>\n","protected":false},"author":1772,"featured_media":0,"comment_status":"closed","ping_status":"closed","sticky":false,"template":"","format":"standard","meta":{"fifu_image_url":"","fifu_image_alt":"","footnotes":""},"categories":[73,55],"tags":[],"class_list":["post-61246","post","type-post","status-publish","format-standard","hentry","category-actualite","category-tunisie"],"_links":{"self":[{"href":"https:\/\/linitiative.ca\/International\/wp-json\/wp\/v2\/posts\/61246","targetHints":{"allow":["GET"]}}],"collection":[{"href":"https:\/\/linitiative.ca\/International\/wp-json\/wp\/v2\/posts"}],"about":[{"href":"https:\/\/linitiative.ca\/International\/wp-json\/wp\/v2\/types\/post"}],"author":[{"embeddable":true,"href":"https:\/\/linitiative.ca\/International\/wp-json\/wp\/v2\/users\/1772"}],"replies":[{"embeddable":true,"href":"https:\/\/linitiative.ca\/International\/wp-json\/wp\/v2\/comments?post=61246"}],"version-history":[{"count":0,"href":"https:\/\/linitiative.ca\/International\/wp-json\/wp\/v2\/posts\/61246\/revisions"}],"wp:attachment":[{"href":"https:\/\/linitiative.ca\/International\/wp-json\/wp\/v2\/media?parent=61246"}],"wp:term":[{"taxonomy":"category","embeddable":true,"href":"https:\/\/linitiative.ca\/International\/wp-json\/wp\/v2\/categories?post=61246"},{"taxonomy":"post_tag","embeddable":true,"href":"https:\/\/linitiative.ca\/International\/wp-json\/wp\/v2\/tags?post=61246"}],"curies":[{"name":"wp","href":"https:\/\/api.w.org\/{rel}","templated":true}]}}