{"id":61247,"date":"2019-09-15T16:02:00","date_gmt":"2019-09-15T20:02:00","guid":{"rendered":"https:\/\/linitiative.ca\/International\/kais-saied-et-nabil-karoui-au-deuxieme-tour-de-la-presidentielle-une-victoire-deja-annoncee\/"},"modified":"2019-09-15T16:02:00","modified_gmt":"2019-09-15T20:02:00","slug":"kais-saied-et-nabil-karoui-au-deuxieme-tour-de-la-presidentielle-une-victoire-deja-annoncee","status":"publish","type":"post","link":"https:\/\/linitiative.ca\/International\/kais-saied-et-nabil-karoui-au-deuxieme-tour-de-la-presidentielle-une-victoire-deja-annoncee\/","title":{"rendered":"Kais Saied et Nabil Karoui au deuxi\u00e8me tour de la pr\u00e9sidentielle : une victoire d\u00e9j\u00e0 annonc\u00e9e"},"content":{"rendered":"<p>Grande surprise pour les profanes, confirmation pour les initi\u00e9s. Kais Saied et Nabil, compl\u00e8tement inattendus il y a encore quelques mois, sont donn\u00e9s, les deux gagnants au premier tour de l\u2019\u00e9lection pr\u00e9sidentielle anticip\u00e9e qui s\u2019est d\u00e9roul\u00e9 ce dimanche 15 septembre dans 33 circonscriptions, 27 en Tunisie et 6 \u00e0 l\u2019\u00e9tranger. Selon les estimations sorties des urnes \u00e0 16h, r\u00e9v\u00e9l\u00e9s \u00e0 20 h par Sigma Conseil, Saied est avec 17.5% des voix, et Karoui, avec 15.5%.\u00a0 ils devancent de loin le candidat d\u2019Ennahdha, Abdelfettah Mourou (11%) le ministre e la D\u00e9fense, Abdelkarim Zbidi et le chef du gouvernement, Youssef Chahed.\u00a0<\/p>\n<p>Si le taux de participation est rest\u00e9 en de\u00e7\u00e0 des attentes, surtout apr\u00e8s l\u2019inscription cette ann\u00e9e de pr\u00e8s de 1.5 nouveaux \u00e9lecteur, essentiellement des jeunes, le verdict du scrutin a \u00e9t\u00e9 s\u00e9v\u00e8re pour ceux qui appartiennent ou ont appartenu au syst\u00e8me. Vote de sanction, vote de classe, vote antisyst\u00e8me, le premier tour n\u2019a pas \u00e9pargn\u00e9 ceux qui n\u2019incarnent pas la rupture et ne sont pas per\u00e7us en tant que tel.<\/p>\n<p>Auteur:<br \/>\n<a href=\"https:\/\/www.leaders.com.tn\/article\/27970-kais-saied-et-nabil-karoui-au-deuxieme-tour-de-la-presidentielle-une-victoire-deja-annoncee\">Cliquez ici pour lire l&rsquo;article depuis sa source.<\/a><\/p>\n","protected":false},"excerpt":{"rendered":"<p>Grande surprise pour les profanes, confirmation pour les initi\u00e9s. Kais Saied et Nabil, compl\u00e8tement inattendus il y a encore quelques mois, sont donn\u00e9s, les deux gagnants au premier tour de l\u2019\u00e9lection pr\u00e9sidentielle anticip\u00e9e qui s\u2019est d\u00e9roul\u00e9 ce dimanche 15 septembre dans 33 circonscriptions, 27 en Tunisie et 6 \u00e0 l\u2019\u00e9tranger. Selon les estimations sorties des [&hellip;]<\/p>\n","protected":false},"author":1772,"featured_media":0,"comment_status":"closed","ping_status":"closed","sticky":false,"template":"","format":"standard","meta":{"fifu_image_url":"","fifu_image_alt":"","footnotes":""},"categories":[73,55],"tags":[],"class_list":["post-61247","post","type-post","status-publish","format-standard","hentry","category-actualite","category-tunisie"],"_links":{"self":[{"href":"https:\/\/linitiative.ca\/International\/wp-json\/wp\/v2\/posts\/61247","targetHints":{"allow":["GET"]}}],"collection":[{"href":"https:\/\/linitiative.ca\/International\/wp-json\/wp\/v2\/posts"}],"about":[{"href":"https:\/\/linitiative.ca\/International\/wp-json\/wp\/v2\/types\/post"}],"author":[{"embeddable":true,"href":"https:\/\/linitiative.ca\/International\/wp-json\/wp\/v2\/users\/1772"}],"replies":[{"embeddable":true,"href":"https:\/\/linitiative.ca\/International\/wp-json\/wp\/v2\/comments?post=61247"}],"version-history":[{"count":0,"href":"https:\/\/linitiative.ca\/International\/wp-json\/wp\/v2\/posts\/61247\/revisions"}],"wp:attachment":[{"href":"https:\/\/linitiative.ca\/International\/wp-json\/wp\/v2\/media?parent=61247"}],"wp:term":[{"taxonomy":"category","embeddable":true,"href":"https:\/\/linitiative.ca\/International\/wp-json\/wp\/v2\/categories?post=61247"},{"taxonomy":"post_tag","embeddable":true,"href":"https:\/\/linitiative.ca\/International\/wp-json\/wp\/v2\/tags?post=61247"}],"curies":[{"name":"wp","href":"https:\/\/api.w.org\/{rel}","templated":true}]}}