{"id":61250,"date":"2019-09-15T17:04:35","date_gmt":"2019-09-15T21:04:35","guid":{"rendered":"https:\/\/linitiative.ca\/International\/elu-au-deuxieme-tour-le-maintien-de-nabil-karoui-en-prison-suscite-de-fortes-protestations-a-letranger\/"},"modified":"2019-09-15T17:04:35","modified_gmt":"2019-09-15T21:04:35","slug":"elu-au-deuxieme-tour-le-maintien-de-nabil-karoui-en-prison-suscite-de-fortes-protestations-a-letranger","status":"publish","type":"post","link":"https:\/\/linitiative.ca\/International\/elu-au-deuxieme-tour-le-maintien-de-nabil-karoui-en-prison-suscite-de-fortes-protestations-a-letranger\/","title":{"rendered":"Elu au deuxi\u00e8me tour, le maintien de Nabil Karoui en prison suscite de fortes protestations \u00e0 l\u2019\u00e9tranger"},"content":{"rendered":"<p>Discr\u00e8tement, nombre de pays amis de la Tunisie en ont fait part aux autorit\u00e9s tunisiennes : le maintien en prison de Nabil Karoui, candidat \u00e0 la pr\u00e9sidence de la R\u00e9publique, priv\u00e9 de l\u2019\u00e9galit\u00e9 des chances cens\u00e9es b\u00e9n\u00e9ficier \u00e0 tous, suscite d\u00e9j\u00e0 de vives inqui\u00e9tudes. Elu dimanche au deuxi\u00e8me tour, sa garde sous \u00e9crous ne manquera pas de d\u00e9clencher de fortes protestations, nuisibles \u00e0 l\u2019image de la Tunisie et \u00e0 l\u2019int\u00e9grit\u00e9 du scrutin. Les d\u00e9marches effectu\u00e9es en ce sens, qui font \u00e9cho \u00e0 un sentiment partag\u00e9 en Tunisie, ont b\u00e9n\u00e9fici\u00e9 de l\u2019\u00e9coute, sans pour autant donn\u00e9 suite utile pour le moment.<\/p>\n<p>Tout en r\u00e9affirmant le principe de l\u2019ind\u00e9pendance de la justice, les autorit\u00e9s tunisiennes ne cachent pas leur embarras face \u00e0 ce cas jusque-l\u00e0 in\u00e9dit et non couvert par aucun texte en vigueur. La recherche d\u2019une solution appropri\u00e9e est vivement encourag\u00e9e, mais elle rel\u00e8ve de l\u2019initiative de la d\u00e9fense de Karoui et de la d\u00e9cision souveraine de la justice, souligne-t-on.<\/p>\n<p><strong>Lire aussi<\/strong><br \/><a href=\"https:\/\/www.leaders.com.tn\/article\/27968-qui-est-kais-saied-l-infatigable-marcheur-qui-a-emporte-le-premier-tour-de-la-presidentielle-en-tunisie-album-photos\" target=\"_blank\" rel=\"noopener noreferrer\">Qui est Kais Saied, l\u2019infatigable marcheur, qui a emport\u00e9 le premier tour de la pr\u00e9sidentielle en Tunisie (Album photos)<\/a><br \/><a href=\"https:\/\/www.leaders.com.tn\/article\/27970-kais-saied-et-nabil-karoui-au-deuxieme-tour-de-la-presidentielle-une-victoire-deja-annoncee\" target=\"_blank\" rel=\"noopener noreferrer\">Kais Saied et Nabil Karoui au deuxi\u00e8me tour de la pr\u00e9sidentielle : une victoire d\u00e9j\u00e0 annonc\u00e9e<\/a><\/p>\n<p><a href=\"https:\/\/www.leaders.com.tn\/article\/27973-quatre-lecons-majeures-de-l-election-presidentielle-de-ce-15-septembre-en-tunisie\" target=\"_blank\" rel=\"noopener noreferrer\">Quatre le\u00e7ons majeures de l\u2019\u00e9lection pr\u00e9sidentielle de ce 15 septembre en Tunisie<\/a><\/p>\n<p>Auteur:<br \/>\n<a href=\"https:\/\/www.leaders.com.tn\/article\/27976-elu-au-deuxieme-tour-le-maintien-de-nabil-karoui-en-prison-suscite-de-fortes-protestations-a-l-etranger\">Cliquez ici pour lire l&rsquo;article depuis sa source.<\/a><\/p>\n","protected":false},"excerpt":{"rendered":"<p>Discr\u00e8tement, nombre de pays amis de la Tunisie en ont fait part aux autorit\u00e9s tunisiennes : le maintien en prison de Nabil Karoui, candidat \u00e0 la pr\u00e9sidence de la R\u00e9publique, priv\u00e9 de l\u2019\u00e9galit\u00e9 des chances cens\u00e9es b\u00e9n\u00e9ficier \u00e0 tous, suscite d\u00e9j\u00e0 de vives inqui\u00e9tudes. Elu dimanche au deuxi\u00e8me tour, sa garde sous \u00e9crous ne manquera [&hellip;]<\/p>\n","protected":false},"author":1772,"featured_media":0,"comment_status":"closed","ping_status":"closed","sticky":false,"template":"","format":"standard","meta":{"fifu_image_url":"","fifu_image_alt":"","footnotes":""},"categories":[73,55],"tags":[],"class_list":["post-61250","post","type-post","status-publish","format-standard","hentry","category-actualite","category-tunisie"],"_links":{"self":[{"href":"https:\/\/linitiative.ca\/International\/wp-json\/wp\/v2\/posts\/61250","targetHints":{"allow":["GET"]}}],"collection":[{"href":"https:\/\/linitiative.ca\/International\/wp-json\/wp\/v2\/posts"}],"about":[{"href":"https:\/\/linitiative.ca\/International\/wp-json\/wp\/v2\/types\/post"}],"author":[{"embeddable":true,"href":"https:\/\/linitiative.ca\/International\/wp-json\/wp\/v2\/users\/1772"}],"replies":[{"embeddable":true,"href":"https:\/\/linitiative.ca\/International\/wp-json\/wp\/v2\/comments?post=61250"}],"version-history":[{"count":0,"href":"https:\/\/linitiative.ca\/International\/wp-json\/wp\/v2\/posts\/61250\/revisions"}],"wp:attachment":[{"href":"https:\/\/linitiative.ca\/International\/wp-json\/wp\/v2\/media?parent=61250"}],"wp:term":[{"taxonomy":"category","embeddable":true,"href":"https:\/\/linitiative.ca\/International\/wp-json\/wp\/v2\/categories?post=61250"},{"taxonomy":"post_tag","embeddable":true,"href":"https:\/\/linitiative.ca\/International\/wp-json\/wp\/v2\/tags?post=61250"}],"curies":[{"name":"wp","href":"https:\/\/api.w.org\/{rel}","templated":true}]}}