{"id":61256,"date":"2019-09-15T05:39:59","date_gmt":"2019-09-15T09:39:59","guid":{"rendered":"https:\/\/linitiative.ca\/International\/2eme-universite-dete-de-la-cgem-un-patronat-en-pleine-mutation\/"},"modified":"2019-09-15T05:39:59","modified_gmt":"2019-09-15T09:39:59","slug":"2eme-universite-dete-de-la-cgem-un-patronat-en-pleine-mutation","status":"publish","type":"post","link":"https:\/\/linitiative.ca\/International\/2eme-universite-dete-de-la-cgem-un-patronat-en-pleine-mutation\/","title":{"rendered":"2\u00e8me Universit\u00e9 d\u2019\u00e9t\u00e9 de la CGEM\u00a0: un patronat en pleine mutation"},"content":{"rendered":"<p><strong>Un patronat qui r\u00e9fl\u00e9chit, qui d\u00e9bat et \u00e9change sans complexe pour mieux comprendre et mieux agir. Voil\u00e0 l\u2019image qui r\u00e9sume cette 2<sup>\u00e8me<\/sup> universit\u00e9 d\u2019\u00e9t\u00e9 de la CGEM qui s\u2019est inscrite pleinement dans l\u2019appel du Souverain \u00e0 une r\u00e9flexion collective sur le nouveau mod\u00e8le de d\u00e9veloppement.<\/strong><\/p>\n<div class=\"c10\"\/>\n<p>Cela veut dire tout simplement que la richesse r\u00e9side d\u2019abord dans les id\u00e9es. Des id\u00e9es innovatrices et mobilisatrices. Pour cela, et, d\u00e8s le d\u00e9part, le patron des patrons <strong>Salahedine Mezouar<\/strong> a invit\u00e9 l\u2019ensemble des participants \u00e0 un \u00ab\u00a0d\u00e9bat sans langue de bois\u00a0\u00bb. Identifier les vrais obstacles \u00e0 l\u2019acte d\u2019entreprendre, \u00e0 l\u2019acte d\u2019investir, et oser proposer des solutions nourrissant des actions concr\u00e8tes. Autrement dit, il est question de \u00ab\u00a0d\u00e9passer le r\u00f4le traditionnel de syndicat des patrons\u00a0\u00bb pour devenir une v\u00e9ritable force de proposition. Car int\u00e9r\u00eats de la nation et int\u00e9r\u00eats de l\u2019entreprise sont tout \u00e0 fait compl\u00e9mentaires et indissociables.<\/p>\n<p>Lire aussi : <a href=\"https:\/\/www.challenge.ma\/universite-dete-de-la-cgem-les-principales-recommandations-117313\/\">Universit\u00e9 d\u2019\u00e9t\u00e9 de la CGEM : Les principales recommandations<\/a><\/p>\n<p>Pendant deux jours, les chefs d\u2019entreprises, appuy\u00e9s par les m\u00e9dias, avec leurs partenaires publics et leurs partenaires sociaux, ont su cr\u00e9er un espace d\u2019\u00e9change, un espace o\u00f9 l\u2019on apprend \u00e0 dialoguer, \u00e0 comprendre et \u00e0 respecter les diff\u00e9rences. Car si concurrence et comp\u00e9tition sont inh\u00e9rentes \u00e0 la nature humaine, elles n\u2019annihilent point totalement le sentiment de fraternit\u00e9 et de solidarit\u00e9.<\/p>\n<p>L\u2019<strong>Etat<\/strong> doit jouer un r\u00f4le de r\u00e9gulateur et de facilitateur. Il doit garantir l\u2019\u00e9galit\u00e9 des chances, prot\u00e9ger les plus faibles et contribuer \u00e0 l\u2019\u00e9mergence de conditions favorables \u00e0 l\u2019\u00e9panouissement des entreprises dans un monde de plus en plus globalis\u00e9. Les femmes et les jeunes ont un r\u00f4le fondamental \u00e0 jouer dans cette dynamique soci\u00e9tale, pas seulement entrepreneuriale. Mieux, en filigrane, une prise de conscience commune a \u00e9merg\u00e9 pour faire place \u00e0 la dimension humaine et inclusive de la croissance.<\/p>\n<div class=\"c17\">\n<fieldset class=\"c16\">\n<legend><strong><span class=\"c11\">Challenge<\/span><span class=\"c12\">news<\/span><\/strong><\/legend>\n<div class=\"c15\">Le meilleur de la r\u00e9daction s\u00e9lectionn\u00e9 par Challenge :<\/p>\n<\/div>\n<\/fieldset>\n<\/div>\n<p>Auteur: Mohamed Amine<br \/>\n<a href=\"https:\/\/www.challenge.ma\/2eme-universite-dete-de-la-cgem-un-patronat-en-pleine-mutation-117346\/\">Cliquez ici pour lire l&rsquo;article depuis sa source.<\/a><\/p>\n","protected":false},"excerpt":{"rendered":"<p>Un patronat qui r\u00e9fl\u00e9chit, qui d\u00e9bat et \u00e9change sans complexe pour mieux comprendre et mieux agir. Voil\u00e0 l\u2019image qui r\u00e9sume cette 2\u00e8me universit\u00e9 d\u2019\u00e9t\u00e9 de la CGEM qui s\u2019est inscrite pleinement dans l\u2019appel du Souverain \u00e0 une r\u00e9flexion collective sur le nouveau mod\u00e8le de d\u00e9veloppement. Cela veut dire tout simplement que la richesse r\u00e9side d\u2019abord [&hellip;]<\/p>\n","protected":false},"author":1787,"featured_media":0,"comment_status":"closed","ping_status":"closed","sticky":false,"template":"","format":"standard","meta":{"fifu_image_url":"","fifu_image_alt":"","footnotes":""},"categories":[78,54],"tags":[],"class_list":["post-61256","post","type-post","status-publish","format-standard","hentry","category-economie","category-maroc"],"_links":{"self":[{"href":"https:\/\/linitiative.ca\/International\/wp-json\/wp\/v2\/posts\/61256","targetHints":{"allow":["GET"]}}],"collection":[{"href":"https:\/\/linitiative.ca\/International\/wp-json\/wp\/v2\/posts"}],"about":[{"href":"https:\/\/linitiative.ca\/International\/wp-json\/wp\/v2\/types\/post"}],"author":[{"embeddable":true,"href":"https:\/\/linitiative.ca\/International\/wp-json\/wp\/v2\/users\/1787"}],"replies":[{"embeddable":true,"href":"https:\/\/linitiative.ca\/International\/wp-json\/wp\/v2\/comments?post=61256"}],"version-history":[{"count":0,"href":"https:\/\/linitiative.ca\/International\/wp-json\/wp\/v2\/posts\/61256\/revisions"}],"wp:attachment":[{"href":"https:\/\/linitiative.ca\/International\/wp-json\/wp\/v2\/media?parent=61256"}],"wp:term":[{"taxonomy":"category","embeddable":true,"href":"https:\/\/linitiative.ca\/International\/wp-json\/wp\/v2\/categories?post=61256"},{"taxonomy":"post_tag","embeddable":true,"href":"https:\/\/linitiative.ca\/International\/wp-json\/wp\/v2\/tags?post=61256"}],"curies":[{"name":"wp","href":"https:\/\/api.w.org\/{rel}","templated":true}]}}