{"id":61262,"date":"2019-09-15T16:10:58","date_gmt":"2019-09-15T20:10:58","guid":{"rendered":"https:\/\/linitiative.ca\/International\/tunisie-video-kais-saied-ce-qui-sest-passe-ce-jour-est-une-revolution-dans-le-cadre-de-la-legalite\/"},"modified":"2019-09-15T16:10:58","modified_gmt":"2019-09-15T20:10:58","slug":"tunisie-video-kais-saied-ce-qui-sest-passe-ce-jour-est-une-revolution-dans-le-cadre-de-la-legalite","status":"publish","type":"post","link":"https:\/\/linitiative.ca\/International\/tunisie-video-kais-saied-ce-qui-sest-passe-ce-jour-est-une-revolution-dans-le-cadre-de-la-legalite\/","title":{"rendered":"Tunisie \u2013 VIDEO\u00a0: Ka\u00efs Sa\u00efed\u00a0: Ce qui s\u2019est pass\u00e9 ce jour est une r\u00e9volution dans le cadre de la l\u00e9galit\u00e9"},"content":{"rendered":"<div class=\"post-cont-in left relative\">\n<div class=\"swp_social_panel swp_horizontal_panel swp_flat_fresh swp_default_full_color swp_individual_full_color swp_other_full_color scale-100 scale-\" data-min-width=\"1100\" data-float-color=\"#ffffff\" data-float=\"none\" data-float-mobile=\"none\" data-transition=\"slide\">\n<div class=\"nc_tweetContainer swp_share_button total_shares total_sharesalt\"><span class=\"swp_count\">22 <span class=\"swp_label\">Partages<\/span><\/span><\/div>\n<\/div>\n<p>Le candidat plac\u00e9 \u00e0 la premi\u00e8re place par les sondages \u00e0 la sortie des urnes, Ka\u00efs Sa\u00efed a annonc\u00e9, ce soir au micro de Mosa\u00efque FM, qu\u2019il a conduit toute sa campagne en dehors des bureaux, dans la rue et au contact des citoyens.<\/p>\n<p>Il a ajout\u00e9 que ce qui s\u2019est pass\u00e9 aujourd\u2019hui est une deuxi\u00e8me r\u00e9volution mais dans le cadre de la l\u00e9galit\u00e9, ajoutant qu\u2019une page de l\u2019histoire du pays vient d\u2019\u00eatre tourn\u00e9e\u00a0!<\/p>\n<div class=\"code-block code-block-1 c3\"><ins class=\"adsbygoogle c2\" data-ad-layout=\"in-article\" data-ad-format=\"fluid\" data-ad-client=\"ca-pub-2102118777505746\" data-ad-slot=\"7301775417\"\/> <\/div>\n<p><strong>Que se passe-t-il en Tunisie?<\/strong><br \/>Nous expliquons sur notre <a href=\"https:\/\/www.youtube.com\/channel\/UCRzypVq0B_yBad5eGrwBx0Q?sub_confirmation=1\" target=\"_blank\" rel=\"noopener noreferrer\">cha\u00eene YouTube<\/a> . <a href=\"https:\/\/www.youtube.com\/channel\/UCRzypVq0B_yBad5eGrwBx0Q?sub_confirmation=1\" target=\"_blank\" rel=\"noopener noreferrer\">Abonnez-vous!<\/a><\/p>\n<div class=\"mvp-org-wrap mvp-org-logo\" itemprop=\"publisher\" itemscope=\"\" itemtype=\"https:\/\/schema.org\/Organization\">\n<p><img decoding=\"async\" src=\"https:\/\/www.tunisienumerique.com\/wp-content\/uploads\/2017\/02\/logo_tunisie_numerique.png\"\/><\/p>\n<\/div>\n<div class=\"swp_social_panel swp_horizontal_panel swp_flat_fresh swp_default_full_color swp_individual_full_color swp_other_full_color scale-100 scale-\" data-min-width=\"1100\" data-float-color=\"#ffffff\" data-float=\"none\" data-float-mobile=\"none\" data-transition=\"slide\">\n<div class=\"nc_tweetContainer swp_share_button total_shares total_sharesalt\"><span class=\"swp_count\">22 <span class=\"swp_label\">Partages<\/span><\/span><\/div>\n<\/div>\n<div class=\"mvp-related-posts left relative\">\n<h4 class=\"post-header\"><span class=\"post-header\">Lire aussi<\/span><\/h4>\n<\/div>\n<\/div>\n<p>Auteur: LM<br \/>\n<a href=\"https:\/\/www.tunisienumerique.com\/tunisie-video-kais-saied-ce-qui-sest-passe-ce-jour-est-une-revolution-dans-le-cadre-de-la-legalite\/\">Cliquez ici pour lire l&rsquo;article depuis sa source.<\/a><\/p>\n","protected":false},"excerpt":{"rendered":"<p>22 Partages Le candidat plac\u00e9 \u00e0 la premi\u00e8re place par les sondages \u00e0 la sortie des urnes, Ka\u00efs Sa\u00efed a annonc\u00e9, ce soir au micro de Mosa\u00efque FM, qu\u2019il a conduit toute sa campagne en dehors des bureaux, dans la rue et au contact des citoyens. Il a ajout\u00e9 que ce qui s\u2019est pass\u00e9 aujourd\u2019hui [&hellip;]<\/p>\n","protected":false},"author":1789,"featured_media":61263,"comment_status":"closed","ping_status":"closed","sticky":false,"template":"","format":"standard","meta":{"fifu_image_url":"","fifu_image_alt":"","footnotes":""},"categories":[73,55],"tags":[],"class_list":["post-61262","post","type-post","status-publish","format-standard","has-post-thumbnail","hentry","category-actualite","category-tunisie"],"_links":{"self":[{"href":"https:\/\/linitiative.ca\/International\/wp-json\/wp\/v2\/posts\/61262","targetHints":{"allow":["GET"]}}],"collection":[{"href":"https:\/\/linitiative.ca\/International\/wp-json\/wp\/v2\/posts"}],"about":[{"href":"https:\/\/linitiative.ca\/International\/wp-json\/wp\/v2\/types\/post"}],"author":[{"embeddable":true,"href":"https:\/\/linitiative.ca\/International\/wp-json\/wp\/v2\/users\/1789"}],"replies":[{"embeddable":true,"href":"https:\/\/linitiative.ca\/International\/wp-json\/wp\/v2\/comments?post=61262"}],"version-history":[{"count":0,"href":"https:\/\/linitiative.ca\/International\/wp-json\/wp\/v2\/posts\/61262\/revisions"}],"wp:featuredmedia":[{"embeddable":true,"href":"https:\/\/linitiative.ca\/International\/wp-json\/"}],"wp:attachment":[{"href":"https:\/\/linitiative.ca\/International\/wp-json\/wp\/v2\/media?parent=61262"}],"wp:term":[{"taxonomy":"category","embeddable":true,"href":"https:\/\/linitiative.ca\/International\/wp-json\/wp\/v2\/categories?post=61262"},{"taxonomy":"post_tag","embeddable":true,"href":"https:\/\/linitiative.ca\/International\/wp-json\/wp\/v2\/tags?post=61262"}],"curies":[{"name":"wp","href":"https:\/\/api.w.org\/{rel}","templated":true}]}}