{"id":61272,"date":"2019-09-15T16:54:18","date_gmt":"2019-09-15T20:54:18","guid":{"rendered":"https:\/\/linitiative.ca\/International\/conclusions-du-sommet-de-la-cedeao-a-ouagadougou-sur-le-terrorismepourvu-que-les-fruits-tiennent-la-promesse-des-fleurs\/"},"modified":"2019-09-15T16:54:18","modified_gmt":"2019-09-15T20:54:18","slug":"conclusions-du-sommet-de-la-cedeao-a-ouagadougou-sur-le-terrorismepourvu-que-les-fruits-tiennent-la-promesse-des-fleurs","status":"publish","type":"post","link":"https:\/\/linitiative.ca\/International\/conclusions-du-sommet-de-la-cedeao-a-ouagadougou-sur-le-terrorismepourvu-que-les-fruits-tiennent-la-promesse-des-fleurs\/","title":{"rendered":"CONCLUSIONS DU SOMMET DE LA CEDEAO A OUAGADOUGOU SUR LE TERRORISME:Pourvu que les fruits tiennent la promesse des fleurs"},"content":{"rendered":"<div class=\"stream-item stream-item-above-post-content\">\n<p><noscript><\/p>\n<p><a href=\"\/\/www3.smartadserver.com\/ac?jump=1&#038;nwid=2136&#038;siteid=240610&#038;pgname=rg&#038;fmtid=49046&#038;visit=m&#038;tmstp=[timestamp]&#038;out=nonrich\" target=\"_blank\" rel=\"noopener noreferrer\"><img decoding=\"async\" src=\"\/\/www3.smartadserver.com\/ac?out=nonrich&#038;nwid=2136&#038;siteid=240610&#038;pgname=rg&#038;fmtid=49046&#038;visit=m&#038;tmstp=[timestamp]\" border=\"0\" alt=\"\"\/><\/a><\/p>\n<p><\/noscript><\/div>\n<p class=\"c3\">La quasi-totalit\u00e9 des chefs d\u2019Etat de la Communaut\u00e9 des Etats de l\u2019Afrique de l\u2019Ouest (CEDEAO) se sont retrouv\u00e9s \u00e0 Ouagadougou, le 14 septembre dernier, pour une rencontre au sommet \u00e9largie au Tchad, au Cameroun et \u00e0 la Mauritanie, afin d\u2019\u0153uvrer collectivement pour stopper le ph\u00e9nom\u00e8ne du terrorisme et son corollaire de crise humanitaire qui s\u00e9vissent partout, mais surtout dans la partie sah\u00e9lienne de la sous-r\u00e9gion. Le moins que l\u2019on puisse dire, c\u2019est qu\u2019il en est sorti un catalogue de tr\u00e8s bonnes r\u00e9solutions, qui attendent d\u2019\u00eatre ent\u00e9rin\u00e9es par le prochain sommet qui se tiendra \u00e0 Abuja en d\u00e9cembre prochain, mais aussi par l\u2019Union africaine et l\u2019Organisation des nations unies (ONU) dont les concours ont \u00e9t\u00e9 express\u00e9ment sollicit\u00e9s dans cette lutte sans merci contre le terrorisme transfrontalier.<\/p>\n<p class=\"c3\">D\u2019ores et d\u00e9j\u00e0, on sait que les chefs d\u2019Etat pr\u00e9sents \u00e0 Ouagadougou ont lanc\u00e9 un appel \u00e0 la mobilisation de ressources internes \u00e0 hauteur d\u2019un milliard de dollar sur une p\u00e9riode de quatre ans afin de pouvoir faire face aux contraintes financi\u00e8res li\u00e9es, entre autres, au d\u00e9ploiement annonc\u00e9 de la force en attente de la CEDEAO sur les diff\u00e9rents th\u00e9\u00e2tres d\u2019op\u00e9ration. Et comme dans ces pays en crise, l\u2019argent se fait de plus en plus rare, la CEDEAO a sollicit\u00e9 pour ainsi dire la bienveillante compr\u00e9hension du FMI et de la Banque mondiale au cas o\u00f9 les fonds d\u2019investissement allou\u00e9s par ces bailleurs seraient utilis\u00e9s pour renforcer les syst\u00e8mes de s\u00e9curit\u00e9 des pays de la ligne de front notamment. L\u2019espoir se lisait sur les visages samedi dernier \u00e0 la cl\u00f4ture du sommet, car face \u00e0 l\u2019urgence et \u00e0 la gravit\u00e9 de la situation s\u00e9curitaire dans l\u2019espace sah\u00e9lien, on voit mal les institutions de Breton Woods et les grandes puissances faire grise mine \u00e0 la pr\u00e9sentation de la dol\u00e9ance, en septembre prochain, aux Nations unies.<\/p>\n<p class=\"c3\"><strong>On peut \u00eatre optimiste et esp\u00e9rer que la tendance actuelle sera invers\u00e9e<\/strong><\/p>\n<p class=\"c3\"><strong>D<\/strong>ans la foul\u00e9e, la CEDEAO introduira une autre requ\u00eate demandant \u00e0 l\u2019ONU de muscler le mandat de la MINUSMA afin de permettre aux Casques bleus en mission au Mali, de passer \u00e0 l\u2019offensive et de d\u00e9manteler le cas \u00e9ch\u00e9ant les niches des groupes terroristes qui se sont accrues de mani\u00e8re exponentielle ces trois derni\u00e8res ann\u00e9es. Pendant ce temps, les forces arm\u00e9es du Mali, du Burkina et du Niger m\u00e8neront des op\u00e9rations conjointes dans ce qu\u2019il convient d\u00e9sormais d\u2019appeler \u00ab<em>le triangle de la mort<\/em> \u00bb, c\u2019est-\u00e0-dire au niveau des fronti\u00e8res des trois pays.<\/p>\n<p class=\"c3\">Toutes ces conclusions sont bien belles et tranchent avec la langue de bois qui est habituellement utilis\u00e9e dans ce genre de conclave, et la CEDEAO semble cette fois-ci pointer un doigt accusateur sur \u00a0tous ces pays qui, par leur passivit\u00e9, leur indiff\u00e9rence ou leur complicit\u00e9, permettent au groupes terroristes qui pullulent dans la sous-r\u00e9gion, d\u2019\u00e9tendre dangereusement leurs tentacules vers le sud et les pays c\u00f4tiers. Au terme du sommet extraordinaire de Ouagadougou, les participants ont vivement appel\u00e9 au tarissement des sources de financement du terrorisme, en invitant les pays contributeurs \u00e0 la propagation du ph\u00e9nom\u00e8ne, \u00e0 s\u2019en d\u00e9marquer une bonne fois pour toute. D\u00e9cid\u00e9s r\u00e9solument \u00e0 crever l\u2019abc\u00e8s au cours de ce sommet, les organisateurs ont tenu \u00e0 ce que les partenaires pr\u00e9sents dans la salle de conf\u00e9rence de la capitale burkinab\u00e8, se prononcent sur la crise s\u00e9curitaire dans l\u2019espace sah\u00e9lien. Ce fut un exercice in\u00e9dit, mais les repr\u00e9sentants de la France, de l\u2019Alg\u00e9rie et des Etats-Unis par exemple s\u2019y sont pli\u00e9s, m\u00eame si les propos \u00e9taient pour le moins convenus. On notera au passage que l\u2019Arabie Saoudite et les Emirats arabes unis ont d\u00e9clin\u00e9 l\u2019invitation \u00e0 prendre la parole, laissant libre court \u00e0 toutes sortes de supputations.<\/p>\n<p class=\"c3\">En tout \u00e9tat de cause, le mutisme de ces deux partenaires dans bien des domaines, ne r\u00e9duit en rien l\u2019espoir que suscite leur pr\u00e9sence \u00e0 ce sommet consacr\u00e9 \u00e0 la traque aux terroristes, car ils peuvent, s\u2019ils le veulent, contribuer \u00e9norm\u00e9ment \u00e0 relever cet immense d\u00e9fi, ne serait-ce qu\u2019en d\u00e9liant le cordon de la bourse au profit \u00e9videmment des pays sinistr\u00e9s. En somme, si les fruits tiennent la promesse des fleurs qui ont pouss\u00e9 \u00e0 Ouagadougou, on peut \u00eatre optimiste et esp\u00e9rer que la tendance actuelle \u00e0 faire de notre espace un v\u00e9ritable bazar \u00e0 ciel ouvert o\u00f9 se rencontrent des criminels de tous poils et des d\u00e9linquants au col blanc, sera invers\u00e9e avec la reprise du contr\u00f4le total de la zone par les Etats. Cette reconqu\u00eate des parties enti\u00e8res de nos pays aujourd\u2019hui mises sous coupe r\u00e9gl\u00e9e par les terroristes, sera fatalement tributaire de l\u2019\u00e9volution de la situation en Libye et au Nord Mali, avec notamment la lib\u00e9ration de Kidal par les ennemis de la R\u00e9publique du Mali.<\/p>\n<p class=\"c3\">Ces deux entit\u00e9s sont devenues en effet des bases arri\u00e8res pont \u00e0 partir desquelles les attaques terroristes les plus spectaculaires sont pr\u00e9par\u00e9es, et dans lesquelles les assaillants se replient apr\u00e8s avoir commis leurs forfaits. C\u2019est bien consciente de cette situation que la CEDEAO a quasiment suppli\u00e9 la communaut\u00e9 internationale qui a permis que la Libye devienne un vrai capharna\u00fcm, de prendre \u00a0ses responsabilit\u00e9s en s\u2019impliquant dans la r\u00e9solution de la crise qui ravage ce pays devenu, depuis 2011, une soute \u00e0 munitions \u00e0 ciel ouvert pour tous les criminels de la pire esp\u00e8ce. Plus t\u00f4t ce message sera entendu, mieux \u00e7a vaudra pour la paix et la s\u00e9curit\u00e9 de tous.<\/p>\n<p class=\"c3\"><strong>\u00a0<\/strong><\/p>\n<p class=\"c3\"><strong>Kounta KINTE<\/strong><\/p>\n<p>Auteur: Le Pays<br \/>\n<a href=\"http:\/\/lepays.bf\/conclusions-du-sommet-de-la-cedeao-a-ouagadougou-sur-le-terrorismepourvu-que-les-fruits-tiennent-la-promesse-des-fleurs\/\">Cliquez ici pour lire l&rsquo;article depuis sa source.<\/a><\/p>\n","protected":false},"excerpt":{"rendered":"<p>La quasi-totalit\u00e9 des chefs d\u2019Etat de la Communaut\u00e9 des Etats de l\u2019Afrique de l\u2019Ouest (CEDEAO) se sont retrouv\u00e9s \u00e0 Ouagadougou, le 14 septembre dernier, pour une rencontre au sommet \u00e9largie au Tchad, au Cameroun et \u00e0 la Mauritanie, afin d\u2019\u0153uvrer collectivement pour stopper le ph\u00e9nom\u00e8ne du terrorisme et son corollaire de crise humanitaire qui s\u00e9vissent [&hellip;]<\/p>\n","protected":false},"author":1813,"featured_media":0,"comment_status":"closed","ping_status":"closed","sticky":false,"template":"","format":"standard","meta":{"fifu_image_url":"","fifu_image_alt":"","footnotes":""},"categories":[73,81],"tags":[],"class_list":["post-61272","post","type-post","status-publish","format-standard","hentry","category-actualite","category-burkina-faso"],"_links":{"self":[{"href":"https:\/\/linitiative.ca\/International\/wp-json\/wp\/v2\/posts\/61272","targetHints":{"allow":["GET"]}}],"collection":[{"href":"https:\/\/linitiative.ca\/International\/wp-json\/wp\/v2\/posts"}],"about":[{"href":"https:\/\/linitiative.ca\/International\/wp-json\/wp\/v2\/types\/post"}],"author":[{"embeddable":true,"href":"https:\/\/linitiative.ca\/International\/wp-json\/wp\/v2\/users\/1813"}],"replies":[{"embeddable":true,"href":"https:\/\/linitiative.ca\/International\/wp-json\/wp\/v2\/comments?post=61272"}],"version-history":[{"count":0,"href":"https:\/\/linitiative.ca\/International\/wp-json\/wp\/v2\/posts\/61272\/revisions"}],"wp:attachment":[{"href":"https:\/\/linitiative.ca\/International\/wp-json\/wp\/v2\/media?parent=61272"}],"wp:term":[{"taxonomy":"category","embeddable":true,"href":"https:\/\/linitiative.ca\/International\/wp-json\/wp\/v2\/categories?post=61272"},{"taxonomy":"post_tag","embeddable":true,"href":"https:\/\/linitiative.ca\/International\/wp-json\/wp\/v2\/tags?post=61272"}],"curies":[{"name":"wp","href":"https:\/\/api.w.org\/{rel}","templated":true}]}}