{"id":61277,"date":"2019-09-16T08:58:55","date_gmt":"2019-09-16T12:58:55","guid":{"rendered":"https:\/\/linitiative.ca\/International\/babel-lance-bientot-feels-so-right-en-versions-dance-et-rock\/"},"modified":"2019-09-16T08:58:55","modified_gmt":"2019-09-16T12:58:55","slug":"babel-lance-bientot-feels-so-right-en-versions-dance-et-rock","status":"publish","type":"post","link":"https:\/\/linitiative.ca\/International\/babel-lance-bientot-feels-so-right-en-versions-dance-et-rock\/","title":{"rendered":"Babel lance bient\u00f4t \u00abFeels so right\u00bb  en versions dance et rock"},"content":{"rendered":"<p><img decoding=\"async\" class=\"post_layout_5_img\" src=\"http:\/\/aujourdhui.ma\/wp-content\/uploads\/2019\/09\/Groupe-Babel-.jpg?x29840\" alt=\"Babel lance bient\u00f4t \u00abFeels so right\u00bb en versions dance et rock\"\/><\/p>\n<p class=\"p1\"><span class=\"s1 c4\"><strong>Le groupe avait sorti son single avec RedOne<\/strong><\/span><span id=\"more-318062\"\/><\/p>\n<div class=\"base-box mom_box_sc_custom mom_box_sc clear c5\" readability=\"10\">\n<p class=\"p1\"><em>Le titre \u00abFeels so right\u00bb fait partie de l\u2019album qui sera r\u00e9alis\u00e9 prochainement pour le groupe par Maroc Cultures. D\u00e9j\u00e0, ce morceau a \u00e9t\u00e9 fort appr\u00e9ci\u00e9 par les m\u00e9lomanes \u00e0 son lancement en 2012 par Babel et Rwapa Crew.<\/em><\/p>\n<\/div>\n<p class=\"p1\"><span class=\"s1\">Le titre \u00abFeels so right\u00bb, con\u00e7u par le c\u00e9l\u00e9brissime artiste RedOne pour le groupe Babel, se glisse dans trois nouvelles peaux pour marquer le retour de cette formation de chanteurs. Apr\u00e8s plusieurs ann\u00e9es d\u2019absence, cette composition de musiciens, r\u00e9v\u00e9l\u00e9e par l\u2019association Maroc Cultures dans le cadre de la comp\u00e9tition G\u00e9n\u00e9ration Mawazine, lancera bient\u00f4t ce tube en versions dance et rock. L\u2019annonce est faite par le manager Mohamed Moufid Abba Sbai, qui pr\u00e9cise que <em>\u00able refrain du single demeure intact tel que RedOne l\u2019a con\u00e7u\u00bb<\/em>. Quant aux paroles, elles sont, selon ses dires, toujours attribu\u00e9es au guitariste du groupe Amine Hamidache.<\/span><\/p>\n<p class=\"p1\"><span class=\"s1\">En d\u00e9tail, l\u2019arrangement du nouveau remix a \u00e9t\u00e9 fait au studio DBF. A elle seule, la partie dance a \u00e9t\u00e9 r\u00e9alis\u00e9e au studio Maestro Mix, un Dj producteur et post-producteur \u00e0 l\u2019international des musiques electro, house, dance entre autres.<\/span><\/p>\n<p class=\"p1\"><span class=\"s1\">Pour l\u2019heure, le remix alliant dance et rock \u00e0 <em>la fois sera lanc\u00e9 en premier en fin septembre. \u00abIl s\u2019agit d\u2019une version en dance et rock avec instruments en live. Le tout \u00e9tant arrang\u00e9 par Maestro Mix\u00bb,<\/em> ajoute l\u2019agent artistique.<\/span><\/p>\n<p class=\"p1\"><span class=\"s1\">Mieux encore, ce nouvel arrangement sera lanc\u00e9 en vid\u00e9oclip r\u00e9alis\u00e9 par Mounir Raiss. Le tournage ayant eu lieu \u00e0 Rabat, Mohammedia et Casablanca.<\/span><\/p>\n<p class=\"p1\"><span class=\"s1\">Les deuxi\u00e8me et troisi\u00e8me versions \u00e9tant respectivement en rock et dance en entier. <span class=\"Apple-converted-space\">\u00a0 \u00a0<\/span><\/span><\/p>\n<p class=\"p1\"><span class=\"s1\">Cela \u00e9tant, le titre \u00abFeels so right\u00bb fait, selon M. Sbai, partie de l\u2019album qui sera r\u00e9alis\u00e9 prochainement pour le groupe par Maroc Cultures.<\/span><\/p>\n<p class=\"p1\"><span class=\"s1\">D\u00e9j\u00e0, ce morceau a \u00e9t\u00e9 fort appr\u00e9ci\u00e9 par les m\u00e9lomanes \u00e0 son lancement en 2012 par Babel et Rwapa Crew. Il a \u00e9galement \u00e9t\u00e9 tourn\u00e9 en clip qui a \u00e9t\u00e9 du go\u00fbt du public.\u00a0<\/span><\/p>\n<p class=\"p1\"><span class=\"s1\">Pour rappel, le groupe Babel a \u00e9t\u00e9 cr\u00e9\u00e9 en 2007. Il est compos\u00e9 de cinq artistes. Cette composition de musiciens allie dans sa musique plusieurs styles musicaux. Leur genre principal \u00e9tant, cependant, le rock avec une touche marocaine. Bien que le single \u00abFeels so right\u00bb soit en anglais, ce groupe interpr\u00e8te \u00e9galement des tubes en dialecte marocain.<\/span><\/p>\n<p class=\"p1\"><span class=\"s1\">Quant \u00e0 la comp\u00e9tition de G\u00e9n\u00e9ration Mawazine, le groupe l\u2019a remport\u00e9e en 2011 en cat\u00e9gorie fusion. En plus de leur collaboration avec RedOne, les membres de Babel ont fait leur entr\u00e9e en studio pour les fins de leur premier album \u00abVoyage\u00bb. Ils ont eu droit aux impressions positives d\u2019un sp\u00e9cialiste fran\u00e7ais en musique rock. Outre ces \u0153uvres, le groupe, originaire de Mohammedia, a eu l\u2019occasion de se produire sur diff\u00e9rentes sc\u00e8nes au Maroc.<span class=\"Apple-converted-space\">\u00a0 \u00a0<\/span><\/span><\/p>\n<p>Auteur: Salima Guisser<br \/>\n<a href=\"http:\/\/aujourdhui.ma\/culture\/musique\/babel-lance-bientot-feels-so-right-en-versions-dance-et-rock\">Cliquez ici pour lire l&rsquo;article depuis sa source.<\/a><\/p>\n","protected":false},"excerpt":{"rendered":"<p>Le groupe avait sorti son single avec RedOne Le titre \u00abFeels so right\u00bb fait partie de l\u2019album qui sera r\u00e9alis\u00e9 prochainement pour le groupe par Maroc Cultures. D\u00e9j\u00e0, ce morceau a \u00e9t\u00e9 fort appr\u00e9ci\u00e9 par les m\u00e9lomanes \u00e0 son lancement en 2012 par Babel et Rwapa Crew. Le titre \u00abFeels so right\u00bb, con\u00e7u par le [&hellip;]<\/p>\n","protected":false},"author":1759,"featured_media":0,"comment_status":"closed","ping_status":"closed","sticky":false,"template":"","format":"standard","meta":{"fifu_image_url":"","fifu_image_alt":"","footnotes":""},"categories":[73,54],"tags":[],"class_list":["post-61277","post","type-post","status-publish","format-standard","hentry","category-actualite","category-maroc"],"_links":{"self":[{"href":"https:\/\/linitiative.ca\/International\/wp-json\/wp\/v2\/posts\/61277","targetHints":{"allow":["GET"]}}],"collection":[{"href":"https:\/\/linitiative.ca\/International\/wp-json\/wp\/v2\/posts"}],"about":[{"href":"https:\/\/linitiative.ca\/International\/wp-json\/wp\/v2\/types\/post"}],"author":[{"embeddable":true,"href":"https:\/\/linitiative.ca\/International\/wp-json\/wp\/v2\/users\/1759"}],"replies":[{"embeddable":true,"href":"https:\/\/linitiative.ca\/International\/wp-json\/wp\/v2\/comments?post=61277"}],"version-history":[{"count":0,"href":"https:\/\/linitiative.ca\/International\/wp-json\/wp\/v2\/posts\/61277\/revisions"}],"wp:attachment":[{"href":"https:\/\/linitiative.ca\/International\/wp-json\/wp\/v2\/media?parent=61277"}],"wp:term":[{"taxonomy":"category","embeddable":true,"href":"https:\/\/linitiative.ca\/International\/wp-json\/wp\/v2\/categories?post=61277"},{"taxonomy":"post_tag","embeddable":true,"href":"https:\/\/linitiative.ca\/International\/wp-json\/wp\/v2\/tags?post=61277"}],"curies":[{"name":"wp","href":"https:\/\/api.w.org\/{rel}","templated":true}]}}