{"id":61278,"date":"2019-09-16T09:58:21","date_gmt":"2019-09-16T13:58:21","guid":{"rendered":"https:\/\/linitiative.ca\/International\/landa-etudie-les-pistes-de-developpement-mytilicole-en-offshore-dans-le-souss\/"},"modified":"2019-09-16T09:58:21","modified_gmt":"2019-09-16T13:58:21","slug":"landa-etudie-les-pistes-de-developpement-mytilicole-en-offshore-dans-le-souss","status":"publish","type":"post","link":"https:\/\/linitiative.ca\/International\/landa-etudie-les-pistes-de-developpement-mytilicole-en-offshore-dans-le-souss\/","title":{"rendered":"L\u2019ANDA \u00e9tudie les pistes de d\u00e9veloppement mytilicole en offshore dans le Souss"},"content":{"rendered":"<p><img decoding=\"async\" class=\"post_layout_5_img\" src=\"http:\/\/aujourdhui.ma\/wp-content\/uploads\/2019\/09\/aquaculture.jpg?x29840\" alt=\"L\u2019ANDA \u00e9tudie les pistes de d\u00e9veloppement mytilicole en offshore dans le Souss\"\/><\/p>\n<p class=\"p1\"><span class=\"c4\"><strong><em>L\u2019aquaculture constitue un potentiel de d\u00e9veloppement consid\u00e9rable pour l\u2019\u00e9conomie nationale<\/em><\/strong><\/span><span id=\"more-318051\"\/><\/p>\n<p class=\"p1\">L\u2019Agence nationale pour le d\u00e9veloppement de l\u2019aquaculture (ANDA) commanditera le 8 octobre prochain une \u00e9tude de faisabilit\u00e9 d\u2019une ferme mytilicole en offshore dans la r\u00e9gion du Souss-Massa. L\u2019estimation des co\u00fbts des prestations est fix\u00e9e \u00e0 1,5 million DH. Selon l\u2019ANDA, l\u2019aquaculture constitue un potentiel de d\u00e9veloppement consid\u00e9rable pour l\u2019\u00e9conomie nationale.<\/p>\n<p class=\"p1\">Pour le mettre en \u00e9vidence, l\u2019Agence r\u00e9alise des plans d\u2019am\u00e9nagements aquacoles couvrant toute la c\u00f4te marocaine, dont les principaux objectifs sont la contribution \u00e0 la pr\u00e9servation des ressources halieutiques par l\u2019augmentation de la part de l\u2019aquaculture dans la production halieutique et le d\u00e9veloppement d\u2019une mani\u00e8re harmonieuse des activit\u00e9s aquacoles en tenant compte des capacit\u00e9s et des sp\u00e9cificit\u00e9s locales.<\/p>\n<p class=\"p1\">A cet effet, l\u2019ANDA a finalis\u00e9 les \u00e9tudes relatives au plan d\u2019am\u00e9nagement aquacole de la r\u00e9gion du Souss-Massa o\u00f9 elle a identifi\u00e9 les espaces maritimes qui abriteront les diff\u00e9rents types de projets aquacoles de l\u2019ordre de 3.150 ha dont les projets de conchyliculture repr\u00e9sentent 77% avec un total de 210 concessions avec 15 ha chacune, tandis que la pisciculture et l\u2019algoculture repr\u00e9sentent 15 et 9% respectivement.<\/p>\n<p class=\"p1\">Pour l\u2019ANDA, <em>\u00ab\u00e9tant donn\u00e9 que la mytiliculture sur fili\u00e8re en offshore a \u00e9t\u00e9 fortement sollicit\u00e9e dans le cadre de l\u2019appel \u00e0 manifestation d\u2019int\u00e9r\u00eat relatif \u00e0 la r\u00e9gion avec un total de 20 projets sur les 23 projets s\u00e9lectionn\u00e9s, il est aujourd\u2019hui tr\u00e8s important de r\u00e9aliser un projet pilote sur cette fili\u00e8re afin de tester la tenue des structures dans ces sites relativement expos\u00e9s, repr\u00e9sentatif des parcelles attribu\u00e9es dans la r\u00e9gion, et de d\u00e9terminer les indicateurs zootechniques pertinents permettant de mieux orienter les investisseurs\u00bb<\/em>.<\/p>\n<p class=\"p1\">D\u2019autre part, le Maroc s\u2019inscrit dans l\u2019approche globale de diminution du r\u00e9chauffement climatique par l\u2019adoption de la strat\u00e9gie Ceinture Bleue qui propose le d\u00e9veloppement de l\u2019aquaculture durable parmi les solutions qui contribuent \u00e0 l\u2019att\u00e9nuation des cons\u00e9quences li\u00e9es aux changements climatiques. C\u2019est dans ce cadre que vient le lancement d\u2019un appel d\u2019offres pour la r\u00e9alisation de l\u2019\u00e9tude de faisabilit\u00e9 d\u2019une ferme mytilicole en offshore dans la r\u00e9gion du Souss-Massa, et qui se fixe pour objectif le d\u00e9veloppement durable de la mytilicole, l\u2019augmentation de la contribution des ressources halieutiques dans l\u2019\u00e9conomie de la r\u00e9gion et la cr\u00e9ation de postes d\u2019emploi. Cette \u00e9tude devra assurer l\u2019orientation et l\u2019encadrement des investisseurs en s\u2019appuyant sur des indicateurs \u00e9conomiques techniques fiables et contribuera au d\u00e9veloppement de la recherche et l\u2019innovation technologique en mati\u00e8re d\u2019\u00e9levage des moules. Ladite \u00e9tude portera sur un projet mytilicole en offshore sur une superficie de 2 ha, \u00e0 Imi Ouaddar au niveau de la deuxi\u00e8me zone du plan d\u2019am\u00e9nagement aquacole de la r\u00e9gion du Souss-Massa.<\/p>\n<p>Auteur: Mohamed Laabid<br \/>\n<a href=\"http:\/\/aujourdhui.ma\/economie\/landa-etudie-les-pistes-de-developpement-mytilicole-en-offshore-dans-le-souss\">Cliquez ici pour lire l&rsquo;article depuis sa source.<\/a><\/p>\n","protected":false},"excerpt":{"rendered":"<p>L\u2019aquaculture constitue un potentiel de d\u00e9veloppement consid\u00e9rable pour l\u2019\u00e9conomie nationale L\u2019Agence nationale pour le d\u00e9veloppement de l\u2019aquaculture (ANDA) commanditera le 8 octobre prochain une \u00e9tude de faisabilit\u00e9 d\u2019une ferme mytilicole en offshore dans la r\u00e9gion du Souss-Massa. L\u2019estimation des co\u00fbts des prestations est fix\u00e9e \u00e0 1,5 million DH. Selon l\u2019ANDA, l\u2019aquaculture constitue un potentiel de [&hellip;]<\/p>\n","protected":false},"author":1759,"featured_media":0,"comment_status":"closed","ping_status":"closed","sticky":false,"template":"","format":"standard","meta":{"fifu_image_url":"","fifu_image_alt":"","footnotes":""},"categories":[73,54],"tags":[],"class_list":["post-61278","post","type-post","status-publish","format-standard","hentry","category-actualite","category-maroc"],"_links":{"self":[{"href":"https:\/\/linitiative.ca\/International\/wp-json\/wp\/v2\/posts\/61278","targetHints":{"allow":["GET"]}}],"collection":[{"href":"https:\/\/linitiative.ca\/International\/wp-json\/wp\/v2\/posts"}],"about":[{"href":"https:\/\/linitiative.ca\/International\/wp-json\/wp\/v2\/types\/post"}],"author":[{"embeddable":true,"href":"https:\/\/linitiative.ca\/International\/wp-json\/wp\/v2\/users\/1759"}],"replies":[{"embeddable":true,"href":"https:\/\/linitiative.ca\/International\/wp-json\/wp\/v2\/comments?post=61278"}],"version-history":[{"count":0,"href":"https:\/\/linitiative.ca\/International\/wp-json\/wp\/v2\/posts\/61278\/revisions"}],"wp:attachment":[{"href":"https:\/\/linitiative.ca\/International\/wp-json\/wp\/v2\/media?parent=61278"}],"wp:term":[{"taxonomy":"category","embeddable":true,"href":"https:\/\/linitiative.ca\/International\/wp-json\/wp\/v2\/categories?post=61278"},{"taxonomy":"post_tag","embeddable":true,"href":"https:\/\/linitiative.ca\/International\/wp-json\/wp\/v2\/tags?post=61278"}],"curies":[{"name":"wp","href":"https:\/\/api.w.org\/{rel}","templated":true}]}}