{"id":61279,"date":"2019-09-16T10:30:52","date_gmt":"2019-09-16T14:30:52","guid":{"rendered":"https:\/\/linitiative.ca\/International\/1-54-contemporary-african-art-fair-le-maroc-present-en-force-a-londres\/"},"modified":"2019-09-16T10:30:52","modified_gmt":"2019-09-16T14:30:52","slug":"1-54-contemporary-african-art-fair-le-maroc-present-en-force-a-londres","status":"publish","type":"post","link":"https:\/\/linitiative.ca\/International\/1-54-contemporary-african-art-fair-le-maroc-present-en-force-a-londres\/","title":{"rendered":"1-54-Contemporary African Art Fair : Le Maroc pr\u00e9sent en force \u00e0 Londres"},"content":{"rendered":"<p><img decoding=\"async\" class=\"post_layout_5_img\" src=\"http:\/\/aujourdhui.ma\/wp-content\/uploads\/2019\/09\/artistes-salon-d%E2%80%99art-international.jpg?x29840\" alt=\"1-54-Contemporary African Art Fair : Le Maroc pr\u00e9sent en force \u00e0 Londres\"\/><\/p>\n<p class=\"p1\"><span class=\"c4\"><strong><span class=\"s1\"><em>Plusieurs artistes s\u00e9lectionn\u00e9s \u00e0 ce salon pr\u00e9vu\u00a0<\/em><\/span><span class=\"s1\"><em>du 3 au 6 octobre<\/em><\/span><\/strong><\/span> <span id=\"more-318048\"\/><\/p>\n<div class=\"base-box mom_box_sc_custom mom_box_sc clear c5\" readability=\"12\">\n<p class=\"p1\"><strong><span class=\"s1\"><em>Fond\u00e9 par Touria\u00a0<\/em><\/span><span class=\"s1\"><em>El Glaoui en 2013, ce salon a lieu chaque ann\u00e9e \u00e0 Londres, \u00e0 New York et \u00e0 Marrakech. R\u00e9f\u00e9rence aux 54 pays qui constituent le continent africain, 1-54 est une plate-forme durable\u00a0<\/em><\/span><span class=\"s1\"><em>et dynamique.<\/em><\/span><\/strong><\/p>\n<\/div>\n<p class=\"p2\"><span class=\"s1\">Apr\u00e8s une 2\u00e8me \u00e9dition r\u00e9ussie \u00e0 Marrakech, 1-54 Contemporary African Art Fair, premier salon d\u2019art international d\u00e9di\u00e9 \u00e0 l\u2019art contemporain d\u2019Afrique, est de retour pour une 7\u00e8me \u00e9dition \u00e0 Londres. Dans le cadre de cette \u00e9dition pr\u00e9vue du 3 au 6 octobre 2019, l\u2019Afrique est encore plus pr\u00e9sente et notamment le Maroc repr\u00e9sent\u00e9 \u00e0 travers plusieurs galeries et artistes. Ainsi, parmi les galeries marocaines prenant part \u00e0 cet \u00e9v\u00e9nement, figure la galerie casablancaise l\u2019Atelier d\u2019art 21. Celle-ci expose dans le cadre des projets sp\u00e9ciaux des \u0153uvres de l\u2019artiste plasticienne Chourouk Hriech. Cette artiste pr\u00e9sentera une exposition, con\u00e7ue comme un solo show. <em>\u00abLe continent africain est en effet au c\u0153ur du projet artistique de cette artiste montr\u00e9 \u00e0 Londres. L\u2019artiste construit de nouveaux espaces s\u2019impr\u00e9gnant d\u2019une r\u00e9alit\u00e9 qui semble avoir \u00e9t\u00e9 invent\u00e9e, d\u2019une r\u00e9alit\u00e9 au seuil de la fiction. Elle s\u2019int\u00e9resse \u00e9galement \u00e0 la question du v\u00eatement en proposant une s\u00e9rie de dessins consacr\u00e9e aux costumes de c\u00e9r\u00e9monies d\u2019Afrique.<\/em><\/span><\/p>\n<p class=\"p2\"><span class=\"s1\"><em>Dans ces dessins, aucun visage n\u2019appara\u00eet. Les figures disparaissent derri\u00e8re des masques pour laisser la place aux motifs et ornements\u00bb,<\/em> indique la galerie l\u2019Atelier 21. La foire accueillera \u00e9galement la Loft Art Gallery. Celle-ci pr\u00e9sente les \u0153uvres d\u2019Amina Agueznay. Connue par ses travaux confrontant diff\u00e9rents domaines artistiques, <em>\u00abAmina Agueznay a cr\u00e9\u00e9 son vocabulaire stylistique, entre architecture et accessoire, entre ornementation et \u00abaccessoirisation\u00bb dont l\u2019\u00e9chelle des grandeurs rythme d\u00e9licatement ses cr\u00e9ations passant de l\u2019un \u00e0 l\u2019autre\u00bb.<\/em> D\u2019autres expositions seront \u00e9galement au rendez-vous, notamment avec Hassan Hajjaj, Lahlou, Mehdi-Georges, Sahli, Ghizlane et Mohamed Lekleti.<\/span><\/p>\n<p class=\"p2\"><span class=\"s1\">Fond\u00e9 par Touria El Glaoui en 2013, ce salon a lieu chaque ann\u00e9e \u00e0 Londres, \u00e0 New York (depuis 2015) et \u00e0 Marrakech (depuis 2018). R\u00e9f\u00e9rence aux 54 pays qui constituent le continent africain, 1-54 est une plate-forme durable et dynamique qui s\u2019engage dans un dialogue et des \u00e9changes contemporains. Cette ann\u00e9e, selon les initiateurs, le salon s\u2019agrandit et accueille 45 galeries internationales s\u00e9lectionn\u00e9es avec soin, <em>\u00abpr\u00e9sentant les \u0153uvres de 140 artistes multidisciplinaires de profil \u00e9tabli et \u00e9mergent. Plus de 18.000 visiteurs sont attendus sur cinq jours\u00bb.<\/em> Fond\u00e9e en 2013 \u00e0 Londres par Touria El Glaoui, cette manifestation propose \u00e9galement des conf\u00e9rences-d\u00e9bats.<\/span><\/p>\n<div class=\"base-box mom_box_sc_custom mom_box_sc clear c8\" readability=\"12\">\n<p class=\"p1\"><span class=\"c7\"><strong><span class=\"c6\">Prochaines \u00e9ditions<\/span><\/strong><\/span><\/p>\n<p class=\"p1\"><span class=\"s1\"><strong>1-54 Londres :\u00a0<\/strong><\/span><span class=\"s1\"><span class=\"Apple-converted-space\">\u00a0<\/span> 3-6 octobre 2019<\/span><\/p>\n<p class=\"p1\"><span class=\"s1\"><strong>1-54 Marrakech :\u00a0<\/strong><\/span><span class=\"s1\"><span class=\"Apple-converted-space\">\u00a0<\/span> La Mamounia,\u00a0<\/span><span class=\"s1\"><span class=\"Apple-converted-space\">\u00a0<\/span> 22-23 f\u00e9vrier 2020<\/span><\/p>\n<p class=\"p1\"><span class=\"s1\"><strong>1-54 New York :\u00a0<\/strong><\/span><span class=\"s1\"><span class=\"Apple-converted-space\">\u00a0<\/span> 8-10 mai 2020<\/span><\/p>\n<\/div>\n<p>Auteur: Siham Jadraoui<br \/>\n<a href=\"http:\/\/aujourdhui.ma\/culture\/1-54-contemporary-african-art-fair-le-maroc-present-en-force-a-londres\">Cliquez ici pour lire l&rsquo;article depuis sa source.<\/a><\/p>\n","protected":false},"excerpt":{"rendered":"<p>Plusieurs artistes s\u00e9lectionn\u00e9s \u00e0 ce salon pr\u00e9vu\u00a0du 3 au 6 octobre Fond\u00e9 par Touria\u00a0El Glaoui en 2013, ce salon a lieu chaque ann\u00e9e \u00e0 Londres, \u00e0 New York et \u00e0 Marrakech. R\u00e9f\u00e9rence aux 54 pays qui constituent le continent africain, 1-54 est une plate-forme durable\u00a0et dynamique. Apr\u00e8s une 2\u00e8me \u00e9dition r\u00e9ussie \u00e0 Marrakech, 1-54 Contemporary [&hellip;]<\/p>\n","protected":false},"author":1759,"featured_media":0,"comment_status":"closed","ping_status":"closed","sticky":false,"template":"","format":"standard","meta":{"fifu_image_url":"","fifu_image_alt":"","footnotes":""},"categories":[73,54],"tags":[],"class_list":["post-61279","post","type-post","status-publish","format-standard","hentry","category-actualite","category-maroc"],"_links":{"self":[{"href":"https:\/\/linitiative.ca\/International\/wp-json\/wp\/v2\/posts\/61279","targetHints":{"allow":["GET"]}}],"collection":[{"href":"https:\/\/linitiative.ca\/International\/wp-json\/wp\/v2\/posts"}],"about":[{"href":"https:\/\/linitiative.ca\/International\/wp-json\/wp\/v2\/types\/post"}],"author":[{"embeddable":true,"href":"https:\/\/linitiative.ca\/International\/wp-json\/wp\/v2\/users\/1759"}],"replies":[{"embeddable":true,"href":"https:\/\/linitiative.ca\/International\/wp-json\/wp\/v2\/comments?post=61279"}],"version-history":[{"count":0,"href":"https:\/\/linitiative.ca\/International\/wp-json\/wp\/v2\/posts\/61279\/revisions"}],"wp:attachment":[{"href":"https:\/\/linitiative.ca\/International\/wp-json\/wp\/v2\/media?parent=61279"}],"wp:term":[{"taxonomy":"category","embeddable":true,"href":"https:\/\/linitiative.ca\/International\/wp-json\/wp\/v2\/categories?post=61279"},{"taxonomy":"post_tag","embeddable":true,"href":"https:\/\/linitiative.ca\/International\/wp-json\/wp\/v2\/tags?post=61279"}],"curies":[{"name":"wp","href":"https:\/\/api.w.org\/{rel}","templated":true}]}}