{"id":61280,"date":"2019-09-16T06:44:18","date_gmt":"2019-09-16T10:44:18","guid":{"rendered":"https:\/\/linitiative.ca\/International\/pps-et-dar-al-hikma-le-retour-au-pacte-des-droits-de-lenfant-dans-lislam-a-de-quoi-inquieter\/"},"modified":"2019-09-16T06:44:18","modified_gmt":"2019-09-16T10:44:18","slug":"pps-et-dar-al-hikma-le-retour-au-pacte-des-droits-de-lenfant-dans-lislam-a-de-quoi-inquieter","status":"publish","type":"post","link":"https:\/\/linitiative.ca\/International\/pps-et-dar-al-hikma-le-retour-au-pacte-des-droits-de-lenfant-dans-lislam-a-de-quoi-inquieter\/","title":{"rendered":"PPS et Dar Al Hikma : le retour \u00abau pacte des droits de l\u2019enfant dans l\u2019Islam\u00bb a de quoi inqui\u00e9ter"},"content":{"rendered":"<p class=\"c4\"><span class=\"c3\"><strong><span class=\"c2\">L<\/span>e secr\u00e9taire g\u00e9n\u00e9ral du Parti du progr\u00e8s et du socialisme, Mohamed Nabil Benabdallah, a re\u00e7u, vendredi au si\u00e8ge national du parti \u00e0 Rabat, une d\u00e9l\u00e9gation de l\u2019association \u00abDar Al Hikma\u00bb, conduite par son pr\u00e9sident Fettah Bennani.<\/strong><\/span><\/p>\n<p class=\"c4\">Au terme de cette audience, les deux parties ont soulign\u00e9 que le retour \u00abau pacte des droits de l\u2019enfant dans l\u2019Islam\u00bb, confectionn\u00e9 il y a 14 ans par la Conf\u00e9rence islamique a de quoi inqui\u00e9ter les d\u00e9fenseurs des droits de l\u2019homme au Maroc, un pays qui a d\u00e9j\u00e0 adh\u00e9r\u00e9 \u00e0 des conventions et instruments internationaux tr\u00e8s avanc\u00e9s \u00e0 port\u00e9e universelle en mati\u00e8re de protection des droits des enfants.<\/p>\n<p class=\"c4\">Les entretiens entre les deux parties se sont d\u00e9roul\u00e9s en pr\u00e9sence de Karim Taj, membre du BP du PPS et de Mohamed Hajjioui, vice pr\u00e9sident de l\u2019organisation des pionniers enfants du Maroc (OPEM) ainsi que du vice-pr\u00e9sident de Dar Al Hikma, Anouar El Azhari et de la Secr\u00e9taire g\u00e9n\u00e9rale de l\u2019association Najiba Jalal.<\/p>\n<p class=\"c4\">Le pacte des droits de l\u2019enfant dans l\u2019Islam, un\u00a0 document, d\u00e9pass\u00e9 de l\u2019avis de nombreux observateurs par les instruments et conventions internationaux auxquels le Maroc a adh\u00e9r\u00e9, est inqui\u00e9tant car il comporte de nombreuses dispositions qui sont en de\u00e7\u00e0 des progr\u00e8s r\u00e9alis\u00e9s par le Maroc en mati\u00e8re des droits de l\u2019homme et de l\u2019enfant, selon les membres de la d\u00e9l\u00e9gation de Dar Al Hikma.<\/p>\n<p class=\"c4\">De telles dispositions \u00abobsol\u00e8tes\u00bb peuvent toutefois \u00eatre utilis\u00e9es \u00e0 tout moment devant la justice marocaine ou ailleurs pour d\u00e9fendre des positions contraires \u00e0 celles contenues dans les instruments internationaux ratifi\u00e9s par le Maroc, selon le vice-pr\u00e9sident de l\u2019association Anouar El Azhari.<\/p>\n<p class=\"c4\">C\u2019est pourquoi, le PPS appelle \u00e0 la vigilance et \u00e0 la mobilisation pour contrer toutes les tendances visant \u00e0 renier les acquis arrach\u00e9s de haute lutte par le peuple marocain non seulement en mati\u00e8re des droits de l\u2019homme, mais \u00e9galement en mati\u00e8re de promotion de la condition de la femme et de l\u2019enfant et de redressement du processus d\u00e9mocratique. C\u2019est pourquoi, il est n\u00e9cessaire d\u2019insuffler un nouveau souffle d\u00e9mocratique \u00e0 l\u2019action politique dans le pays pour r\u00e9tablir la confiance des citoyens en l\u2019action politique et dans les partis politiques, a expliqu\u00e9 pour sa part Benabdallah.<\/p>\n<p class=\"c4\">C\u2019est pourquoi, il importe de ne pas baisser les bras devant toutes les tentatives de diaboliser les partis politiques pour approfondir le foss\u00e9 qui les s\u00e9pare des citoyens, a-t-il ajout\u00e9.<\/p>\n<p class=\"c5\"><strong>M\u2019Barek Tafsi<\/strong><\/p>\n<p>Auteur: M&rsquo;hammed rahal<br \/>\n<a href=\"http:\/\/albayane.press.ma\/pps-et-dar-al-hikma-le-retour-au-pacte-des-droits-de-lenfant-dans-lislam-a-de-quoi-inquieter.html\">Cliquez ici pour lire l&rsquo;article depuis sa source.<\/a><\/p>\n","protected":false},"excerpt":{"rendered":"<p>Le secr\u00e9taire g\u00e9n\u00e9ral du Parti du progr\u00e8s et du socialisme, Mohamed Nabil Benabdallah, a re\u00e7u, vendredi au si\u00e8ge national du parti \u00e0 Rabat, une d\u00e9l\u00e9gation de l\u2019association \u00abDar Al Hikma\u00bb, conduite par son pr\u00e9sident Fettah Bennani. Au terme de cette audience, les deux parties ont soulign\u00e9 que le retour \u00abau pacte des droits de l\u2019enfant [&hellip;]<\/p>\n","protected":false},"author":1760,"featured_media":0,"comment_status":"closed","ping_status":"closed","sticky":false,"template":"","format":"standard","meta":{"fifu_image_url":"","fifu_image_alt":"","footnotes":""},"categories":[73,54],"tags":[],"class_list":["post-61280","post","type-post","status-publish","format-standard","hentry","category-actualite","category-maroc"],"_links":{"self":[{"href":"https:\/\/linitiative.ca\/International\/wp-json\/wp\/v2\/posts\/61280","targetHints":{"allow":["GET"]}}],"collection":[{"href":"https:\/\/linitiative.ca\/International\/wp-json\/wp\/v2\/posts"}],"about":[{"href":"https:\/\/linitiative.ca\/International\/wp-json\/wp\/v2\/types\/post"}],"author":[{"embeddable":true,"href":"https:\/\/linitiative.ca\/International\/wp-json\/wp\/v2\/users\/1760"}],"replies":[{"embeddable":true,"href":"https:\/\/linitiative.ca\/International\/wp-json\/wp\/v2\/comments?post=61280"}],"version-history":[{"count":0,"href":"https:\/\/linitiative.ca\/International\/wp-json\/wp\/v2\/posts\/61280\/revisions"}],"wp:attachment":[{"href":"https:\/\/linitiative.ca\/International\/wp-json\/wp\/v2\/media?parent=61280"}],"wp:term":[{"taxonomy":"category","embeddable":true,"href":"https:\/\/linitiative.ca\/International\/wp-json\/wp\/v2\/categories?post=61280"},{"taxonomy":"post_tag","embeddable":true,"href":"https:\/\/linitiative.ca\/International\/wp-json\/wp\/v2\/tags?post=61280"}],"curies":[{"name":"wp","href":"https:\/\/api.w.org\/{rel}","templated":true}]}}