{"id":61281,"date":"2019-09-16T06:52:47","date_gmt":"2019-09-16T10:52:47","guid":{"rendered":"https:\/\/linitiative.ca\/International\/retrouver-le-sourire-du-tourisme-dans-le-souss\/"},"modified":"2019-09-16T06:52:47","modified_gmt":"2019-09-16T10:52:47","slug":"retrouver-le-sourire-du-tourisme-dans-le-souss","status":"publish","type":"post","link":"https:\/\/linitiative.ca\/International\/retrouver-le-sourire-du-tourisme-dans-le-souss\/","title":{"rendered":"Retrouver le sourire du tourisme dans le Souss!"},"content":{"rendered":"<p class=\"c4\"><span class=\"c3\"><strong><span class=\"c2\">E<\/span>n 2021, la cit\u00e9 ocre aura l\u2019honneur de rassembler, en son sein, les congressistes de la 23<sup>e<\/sup> \u00a0session de l\u2019assembl\u00e9e g\u00e9n\u00e9rale de l\u2019Organisation Mondiale du Tourisme (OMT). En fin des travaux des assises de cette instance plan\u00e9taire des voyages \u00e0 Saint Petersbourg, en Russie, Marrakech vient de hisser le fanion national, en s\u2019adjugeant la\u00a0 majeure partie de la palme \u00a0en comp\u00e9tition, avec 76 voix contre 16 aux Philippines et 13 au Kenya.<\/strong><\/span><\/p>\n<p class=\"c4\">Gr\u00e2ce \u00e0 l\u2019originalit\u00e9 d\u2019un spot publicitaire \u00e0 la fois \u00e9mouvant et persuasif, l\u2019assistance, fortement obnubil\u00e9e parles offres prestataires de la ville, a rendu publique cette pr\u00e9f\u00e9rence irr\u00e9sistible. Une prouesse de taille pour une destination seigneuriale qui cr\u00e8ve l\u2019\u00e9cran en mati\u00e8re de raffinement et d\u2019attractivit\u00e9. On ne peut alors que saluer cette cons\u00e9cration qui vient, sans doute, r\u00e9compenser la mutualit\u00e9 de l\u2019\u00e9bauche consacr\u00e9e par les multiples intervenants du secteur.<\/p>\n<p class=\"c4\">Compte tenu de toutes ces performances qui ne cessent d\u2019\u00e9mailler ce site imp\u00e9rial s\u00e9culaire, l\u2019Etat se devra de maintenir son aur\u00e9ole saisissante et d\u2019en faire perp\u00e9tuellement, un joyau du tourisme typique du royaume.En parall\u00e8le, les passionn\u00e9s du baln\u00e9aire, tr\u00e8s accro \u00e0 la mer, ont \u00e9galement le droit de combler leurs entiches dans les conditions optimales. Or, depuis exactement 2008, pendant que la perle du Sud caracole r\u00e9solument \u00e0 la cime, son homologue du Souss d\u00e9gringole, en revanche, vers l\u2019ab\u00eeme.<\/p>\n<p class=\"c4\">Sans aucune note rogue ni rev\u00eache, il importe de rappeler qu\u2019Agadir, premi\u00e8re station baln\u00e9aire du pays \u00e9tait bel et bien au summum, dans les ann\u00e9es 70, 80, 90 et tout d\u00e9but de l\u2019actuel si\u00e8cle. C\u2019\u00e9tait, en fait, l\u2019\u00e8re d\u2019une destination, encore naissante de ses cendres, qui drainait les visiteurs de tous bord, notamment les Scandinaves, les germaniques, les britanniques et bien d\u2019autres.<\/p>\n<p class=\"c4\">Une flop\u00e9e d\u2019op\u00e9rateurs \u00e9m\u00e9rites, \u00e9voluant dans les diff\u00e9rentes activit\u00e9s de la profession, brodait savamment les orf\u00e8vreries d\u2019une ville \u00e0 vocation touristique. Les Tridano, Friedman, Yahia,Ohayon, Marrache, Belghmi, Abaakil, feux Belahcen, Achengli et Kroni, Scally,Alami, Ouakhir, Dahmaz\u2026, pour ne citer que ceux-l\u00e0 (la liste \u00e9tant exhaustive\u00a0!),\u00e0 coup s\u00fbr, sous l\u2019impulsion revigorante de feu Hassan II qui insufflait du panache dans les veines de la ville ressuscit\u00e9e, faisait preuve de savoir-faire, d\u2019audace et d\u2019imagination.<\/p>\n<p class=\"c4\">Pendant ce temps, Marrakech ne donnait pas signe de vie en la mati\u00e8re et ce fut, pour l\u2019histoire, Agadir qui impulsait son riverain des palmiers, encore en phase de balbutiement. Il est bien vrai que, nonobstant, les pouvoirs publics ont mis le paquet sur Marrakech et, manifestement, tourn\u00e9 le dos \u00e0 Agadir, en termes de soutien promotionnel et de projets structurants (A\u00e9roport, gare ferroviaire, am\u00e9nagement\u2026).<\/p>\n<p class=\"c4\">Cependant, il faut bien reconna\u00eetre que les divers partenaires aussi bien du public que du priv\u00e9, ont bien mis la main \u00e0 la p\u00e2te, dans la communion, afin d\u2019\u00e9riger Marrakech en destination de haute qualit\u00e9, \u00a0pouvant, aujourd\u2019hui abriter un \u00e9v\u00e9nement de si grande intensit\u00e9, tel que les assises de la premi\u00e8re institution mondiale du tourisme.<\/p>\n<p class=\"c4\">Ce serait peut-\u00eatre, une autre incitation \u00e0 la r\u00e9surrection pour la ville d\u2019Agadir de r\u00e9unir son potentiel \u00e9gar\u00e9, en ce moment de reprise de la communaut\u00e9 du tourisme, apr\u00e8s la remise sur selle du CRT, sous le coup de fouet du Wali de la r\u00e9gion Souss Massa et de certains t\u00e9nors qui pr\u00eatent main forte en vue de redorer le blason de la ville morne et indolente, en termes d\u2019industrie du tourisme.<\/p>\n<p>Auteur: M&rsquo;hammed rahal<br \/>\n<a href=\"http:\/\/albayane.press.ma\/retrouver-le-sourire-du-tourisme-dans-le-souss.html\">Cliquez ici pour lire l&rsquo;article depuis sa source.<\/a><\/p>\n","protected":false},"excerpt":{"rendered":"<p>En 2021, la cit\u00e9 ocre aura l\u2019honneur de rassembler, en son sein, les congressistes de la 23e \u00a0session de l\u2019assembl\u00e9e g\u00e9n\u00e9rale de l\u2019Organisation Mondiale du Tourisme (OMT). En fin des travaux des assises de cette instance plan\u00e9taire des voyages \u00e0 Saint Petersbourg, en Russie, Marrakech vient de hisser le fanion national, en s\u2019adjugeant la\u00a0 majeure [&hellip;]<\/p>\n","protected":false},"author":1760,"featured_media":0,"comment_status":"closed","ping_status":"closed","sticky":false,"template":"","format":"standard","meta":{"fifu_image_url":"","fifu_image_alt":"","footnotes":""},"categories":[73,54],"tags":[],"class_list":["post-61281","post","type-post","status-publish","format-standard","hentry","category-actualite","category-maroc"],"_links":{"self":[{"href":"https:\/\/linitiative.ca\/International\/wp-json\/wp\/v2\/posts\/61281","targetHints":{"allow":["GET"]}}],"collection":[{"href":"https:\/\/linitiative.ca\/International\/wp-json\/wp\/v2\/posts"}],"about":[{"href":"https:\/\/linitiative.ca\/International\/wp-json\/wp\/v2\/types\/post"}],"author":[{"embeddable":true,"href":"https:\/\/linitiative.ca\/International\/wp-json\/wp\/v2\/users\/1760"}],"replies":[{"embeddable":true,"href":"https:\/\/linitiative.ca\/International\/wp-json\/wp\/v2\/comments?post=61281"}],"version-history":[{"count":0,"href":"https:\/\/linitiative.ca\/International\/wp-json\/wp\/v2\/posts\/61281\/revisions"}],"wp:attachment":[{"href":"https:\/\/linitiative.ca\/International\/wp-json\/wp\/v2\/media?parent=61281"}],"wp:term":[{"taxonomy":"category","embeddable":true,"href":"https:\/\/linitiative.ca\/International\/wp-json\/wp\/v2\/categories?post=61281"},{"taxonomy":"post_tag","embeddable":true,"href":"https:\/\/linitiative.ca\/International\/wp-json\/wp\/v2\/tags?post=61281"}],"curies":[{"name":"wp","href":"https:\/\/api.w.org\/{rel}","templated":true}]}}