{"id":61282,"date":"2019-09-16T07:05:57","date_gmt":"2019-09-16T11:05:57","guid":{"rendered":"https:\/\/linitiative.ca\/International\/naissance-de-la-fondation-dr-abdelkrim-al-khatib-pour-la-pensee-et-les-etudes\/"},"modified":"2019-09-16T07:05:57","modified_gmt":"2019-09-16T11:05:57","slug":"naissance-de-la-fondation-dr-abdelkrim-al-khatib-pour-la-pensee-et-les-etudes","status":"publish","type":"post","link":"https:\/\/linitiative.ca\/International\/naissance-de-la-fondation-dr-abdelkrim-al-khatib-pour-la-pensee-et-les-etudes\/","title":{"rendered":"Naissance de la \u00abFondation Dr Abdelkrim Al-Khatib pour la Pens\u00e9e et les \u00c9tudes\u00bb"},"content":{"rendered":"<p class=\"c4\"><span class=\"c3\"><strong><span class=\"c2\"><img loading=\"lazy\" decoding=\"async\" class=\" wp-image-81272 alignleft\" src=\"http:\/\/albayane.press.ma\/wp-content\/uploads\/ouv2-Moussa-230x130.jpg\" alt=\"\" width=\"265\" height=\"150\"\/>L<\/span>a \u00abFondation Dr Abdelkrim Al-Khatib pour la Pens\u00e9e et les \u00c9tudes\u00bb, qui vise \u00e0 contribuer \u00e0 la r\u00e9flexion politique et \u00e0 l\u2019\u00e9tude des politiques publiques, a vu le jour, \u00e0 l\u2019issue de l\u2019Assembl\u00e9e g\u00e9n\u00e9rale constitutive tenue vendredi \u00e0 Rabat.<\/strong><\/span><br \/>La s\u00e9ance d\u2019ouverture de cette Assembl\u00e9e a \u00e9t\u00e9 marqu\u00e9e par le message adress\u00e9 par Sa Majest\u00e9 le Roi Mohammed VI aux participants, dont lecture a \u00e9t\u00e9 donn\u00e9e par M. Sa\u00e2d Dine El Otmani, Chef du gouvernement et Secr\u00e9taire g\u00e9n\u00e9ral du Parti de la Justice et du D\u00e9veloppement (PJD).<br \/>\u00abEn signe de consid\u00e9ration pour le grand patriote et le militant hors pair dont la Fondation porte le nom, Nous avons tenu \u00e0 apporter notre caution \u00e0 cette initiative louable, \u00e0 lui accorder Notre Haut Patronage\u00bb, a soulign\u00e9 le Souverain dans ce message, ajoutant que \u00abFeu Abdelkrim Al-Khatib est l\u2019un des chefs historiques du Mouvement de r\u00e9sistance et de l\u2019arm\u00e9e de lib\u00e9ration, estim\u00e9s pour leur patriotisme sinc\u00e8re et leur lutte acharn\u00e9e pour la libert\u00e9 et l\u2019ind\u00e9pendance du Maroc, pour la d\u00e9fense des symboles sacr\u00e9s et des constantes de la nation marocaine\u00bb.<br \/>SM le Roi a exhort\u00e9 de faire de cette institution \u00abun centre de brassage d\u2019id\u00e9es constructives et une plate-forme pour la formation de comp\u00e9tences et d\u2019\u00e9lites politiques qualifi\u00e9es et la promotion des valeurs du vrai patriotisme, incarn\u00e9es par feu Abdelkrim Al-Khatib, notamment la sinc\u00e9rit\u00e9, la loyaut\u00e9, la fid\u00e9lit\u00e9 aux constantes et aux valeurs sacr\u00e9es de la nation, ainsi que l\u2019engagement \u00e0 placer ses int\u00e9r\u00eats sup\u00e9rieurs au-dessus de toute autre consid\u00e9ration\u00bb.<br \/>La cr\u00e9ation de la \u00abFondation Dr Abdelkrim Al-Khatib pour la Pens\u00e9e et les \u00c9tudes\u00bb intervient dans le cadre des efforts visant \u00e0 promouvoir la production intellectuelle et \u00e0 identifier la culture politique et ce, en veillant \u00e0 l\u2019accompagnement et \u00e0 l\u2019enrichissement du dialogue politique et intellectuel national, conform\u00e9ment aux dispositions constitutionnelles qui ont confi\u00e9 aux partis politiques la mission d\u2019encadrement.<br \/>Intervenant \u00e0 cette occasion, M. Sa\u00e2d Dine El Otmani, apr\u00e8s avoir expos\u00e9 le parcours du Dr Abdelkrim Al-Khatib, ses combats pour la libert\u00e9 et ses contributions politiques, aux niveaux aussi bien national, r\u00e9gionale qu\u2019international, a pr\u00e9cis\u00e9 que la cr\u00e9ation de cette institution qui porte le nom du d\u00e9funt n\u2019est qu\u2019une consid\u00e9ration pour son patriotisme sinc\u00e8re et le symbole de l\u2019int\u00e9r\u00eat et la sollicitude qu\u2019il m\u00e9rite.<br \/>M. El Otmani a, par ailleurs, indiqu\u00e9 que la cr\u00e9ation de cette Fondation, en coordination avec sa famille et une pl\u00e9aide de ses compagnons et amis, vient enrichir la sc\u00e8ne politique et mettre \u00e0 disposition des comp\u00e9tences partisanes capables de g\u00e9rer les affaires publiques avec habilet\u00e9, tout en dirigeant des projets de r\u00e9formes, dans l\u2019int\u00e9r\u00eat de la nation et des citoyens.<br \/>Les objectifs de la Fondation consistent en le soutien intellectuel et scientifique au projet de r\u00e9forme du parti, notamment \u00e0 travers la d\u00e9finition de ses bases de connaissances et de concepts, le d\u00e9veloppement de sa m\u00e9thodologie d\u2019analyse politique et l\u2019am\u00e9lioration des capacit\u00e9s de l\u2019acteur politique de mani\u00e8re \u00e0 ce qu\u2019il suive les courants et les nouvelles tendances intellectuelles et politiques. \u00c0 cette fin, les activit\u00e9s de la Fondation s\u2019\u00e9taleront sur trois niveaux, soit le travail intellectuel et culturel, la recherche et le travail scientifique et la valorisation du patrimoine de M. Abdelkrim Al-Khatib.<br \/>Dans ce contexte, les travaux de la Fondation \u00e0 ce niveau s\u2019orienteront vers l\u2019accomplissement d\u2019un ensemble de t\u00e2ches scientifiques et de fonctions de recherche, qui permettront aux dirigeants et aux membres du parti de mieux comprendre les transformations de la r\u00e9alit\u00e9 politique, \u00e9conomique et sociale et d\u2019anticiper leurs d\u00e9veloppements et implications, tout en s\u2019attelant sur les questions et sujets relevant des politiques publiques, \u00e0 travers le suivi, l\u2019\u00e9valuation et les propositions.<br \/>La Fondation s\u2019int\u00e9ressera au parcours du Dr Abdelkarim Al-Khatib dans la R\u00e9sistance et l\u2019arm\u00e9e de lib\u00e9ration, \u00e0 ses contributions politiques consid\u00e9rables avant et apr\u00e8s l\u2019ind\u00e9pendance et \u00e0 son appui aux mouvements de lib\u00e9ration africains et aux peuples arabe et islamique, avec \u00e0 leur t\u00eate le peuple palestinien.<br \/>Au terme de cette Assembl\u00e9e g\u00e9n\u00e9rale constitutive, marqu\u00e9e par la pr\u00e9sence de plusieurs membres du gouvernement, des chefs de partis politiques, des membres de la famille et des amis du d\u00e9funt, il a \u00e9t\u00e9 proc\u00e9d\u00e9 \u00e0 la pr\u00e9sentation de la structure institutionnelle de la Fondation, qui comprend essentiellement le Comit\u00e9 de pilotage pr\u00e9sid\u00e9 par le secr\u00e9taire g\u00e9n\u00e9ral du parti, les membres du Bureau ex\u00e9cutif, les coordinateurs des structures culturelles et de recherche, ainsi que le directeur ex\u00e9cutif de la Fondation.<\/p>\n<p>Auteur: M&rsquo;hammed rahal<br \/>\n<a href=\"http:\/\/albayane.press.ma\/naissance-de-la-fondation-dr-abdelkrim-al-khatib-pour-la-pensee-et-les-etudes.html\">Cliquez ici pour lire l&rsquo;article depuis sa source.<\/a><\/p>\n","protected":false},"excerpt":{"rendered":"<p>La \u00abFondation Dr Abdelkrim Al-Khatib pour la Pens\u00e9e et les \u00c9tudes\u00bb, qui vise \u00e0 contribuer \u00e0 la r\u00e9flexion politique et \u00e0 l\u2019\u00e9tude des politiques publiques, a vu le jour, \u00e0 l\u2019issue de l\u2019Assembl\u00e9e g\u00e9n\u00e9rale constitutive tenue vendredi \u00e0 Rabat.La s\u00e9ance d\u2019ouverture de cette Assembl\u00e9e a \u00e9t\u00e9 marqu\u00e9e par le message adress\u00e9 par Sa Majest\u00e9 le [&hellip;]<\/p>\n","protected":false},"author":1760,"featured_media":61283,"comment_status":"closed","ping_status":"closed","sticky":false,"template":"","format":"standard","meta":{"fifu_image_url":"","fifu_image_alt":"","footnotes":""},"categories":[73,54],"tags":[],"class_list":["post-61282","post","type-post","status-publish","format-standard","has-post-thumbnail","hentry","category-actualite","category-maroc"],"_links":{"self":[{"href":"https:\/\/linitiative.ca\/International\/wp-json\/wp\/v2\/posts\/61282","targetHints":{"allow":["GET"]}}],"collection":[{"href":"https:\/\/linitiative.ca\/International\/wp-json\/wp\/v2\/posts"}],"about":[{"href":"https:\/\/linitiative.ca\/International\/wp-json\/wp\/v2\/types\/post"}],"author":[{"embeddable":true,"href":"https:\/\/linitiative.ca\/International\/wp-json\/wp\/v2\/users\/1760"}],"replies":[{"embeddable":true,"href":"https:\/\/linitiative.ca\/International\/wp-json\/wp\/v2\/comments?post=61282"}],"version-history":[{"count":0,"href":"https:\/\/linitiative.ca\/International\/wp-json\/wp\/v2\/posts\/61282\/revisions"}],"wp:featuredmedia":[{"embeddable":true,"href":"https:\/\/linitiative.ca\/International\/wp-json\/"}],"wp:attachment":[{"href":"https:\/\/linitiative.ca\/International\/wp-json\/wp\/v2\/media?parent=61282"}],"wp:term":[{"taxonomy":"category","embeddable":true,"href":"https:\/\/linitiative.ca\/International\/wp-json\/wp\/v2\/categories?post=61282"},{"taxonomy":"post_tag","embeddable":true,"href":"https:\/\/linitiative.ca\/International\/wp-json\/wp\/v2\/tags?post=61282"}],"curies":[{"name":"wp","href":"https:\/\/api.w.org\/{rel}","templated":true}]}}