{"id":61284,"date":"2019-09-16T07:26:01","date_gmt":"2019-09-16T11:26:01","guid":{"rendered":"https:\/\/linitiative.ca\/International\/fassi-fihri-pour-le-renforcement-de-la-coordination-entre-les-ecoles-nationales-darchitecture\/"},"modified":"2019-09-16T07:26:01","modified_gmt":"2019-09-16T11:26:01","slug":"fassi-fihri-pour-le-renforcement-de-la-coordination-entre-les-ecoles-nationales-darchitecture","status":"publish","type":"post","link":"https:\/\/linitiative.ca\/International\/fassi-fihri-pour-le-renforcement-de-la-coordination-entre-les-ecoles-nationales-darchitecture\/","title":{"rendered":"Fassi Fihri pour le renforcement de la coordination entre les \u00e9coles nationales d\u2019architecture"},"content":{"rendered":"<p class=\"c4\"><span class=\"c3\"><strong><span class=\"c2\">L<\/span>e ministre de l\u2019am\u00e9nagement du territoire national, de l\u2019urbanisme, de l\u2019habitat et de la politique de la ville, Abdelahad Fassi Fihri, a plaid\u00e9, vendredi, pour le renforcement de la coordination entre les \u00e9coles nationales d\u2019architecture, afin d\u2019\u00e9laborer et de r\u00e9ussir un projet p\u00e9dagogique commun.<\/strong><\/span><\/p>\n<p class=\"c4\">L\u2019objectif du lancement de ce processus de coordination est de \u2018\u2019r\u00e9ussir le projet p\u00e9dagogique commun de ces \u00e9coles avec la contribution de l\u2019ensemble des partenaires\u2019\u2019, a soulign\u00e9 M. Fassi Fihri, qui pr\u00e9sidait la c\u00e9r\u00e9monie de lancement \u00e0 F\u00e8s de l\u2019ann\u00e9e universitaire 2019-2020 des \u00e9coles nationales d\u2019architecture.<\/p>\n<p class=\"c4\">Apr\u00e8s avoir mis l\u2019accent sur l\u2019importance de l\u2019architecture dans \u2018\u2019l\u2019am\u00e9lioration de la vie des citoyens au Maroc, un pays fort d\u2019une tradition architecturale ancestrale\u2019\u2019, le ministre a indiqu\u00e9 que le lancement de ce processus de coordination a \u00e9t\u00e9 au centre d\u2019une r\u00e9union de concertation tenue, la m\u00eame journ\u00e9e, avec l\u2019ensemble des partenaires et en pr\u00e9sence des directeurs des cinq \u00e9coles d\u2019architecture que compte le pays.<\/p>\n<p class=\"c4\">Chaque \u00e9cole est appel\u00e9e \u00e0 adh\u00e9rer \u00e0 ce projet p\u00e9dagogique commun tout en entretenant la sp\u00e9cificit\u00e9 de sa r\u00e9gion, a relev\u00e9 M. Fassi Fihri, mettant en exergue la n\u00e9cessit\u00e9 de mettre en place une formation qui valorise le patrimoine marocain en s\u2019ouvrant sur les autres exp\u00e9riences dans le domaine de l\u2019architecture.<\/p>\n<p class=\"c4\">\u2018\u2019Il s\u2019agit en premier lieu de mettre en place un cadre p\u00e9dagogique r\u00e9f\u00e9rentiel tout en d\u00e9veloppant les sp\u00e9cificit\u00e9s de chaque \u00e9cole\u2019\u2019, a-t-il expliqu\u00e9, mettant l\u2019accent sur l\u2019importance de construire une relation de partenariat et de confiance entre le minist\u00e8re, l\u2019\u00e9cole, les \u00e9tudiants, ainsi que leurs parents et tuteurs.<\/p>\n<p class=\"c4\">Le but est que l\u2019\u00e9cole puisse \u00e9galement s\u2019aligner sur le projet de r\u00e9gionalisation et les traditions architecturales du Royaume, tout en r\u00e9pondant aux attentes des citoyens \u00e0 travers l\u2019am\u00e9lioration du cadre b\u00e2ti, a-t-il poursuivi, faisant part de la d\u00e9termination du d\u00e9partement de tutelle d\u2019accompagner le positionnement des \u00e9coles nationales d\u2019architecture et faciliter leur ouverture sur l\u2019environnement r\u00e9gional et international.<\/p>\n<p class=\"c4\">Le ministre a effectu\u00e9, auparavant, une visite dans l\u2019\u00e9cole d\u2019architecture de F\u00e8s, et ce dans le cadre du suivi de la formation en architecture et des pr\u00e9paratifs relatifs \u00e0 la rentr\u00e9e universitaire 2019-2020.<\/p>\n<p class=\"c4\">Cette visite vise aussi \u00e0 renforcer les efforts d\u00e9ploy\u00e9s par le minist\u00e8re afin de doter chaque nouvelle \u00e9cole d\u2019un si\u00e8ge propre, en vue de garantir les meilleures conditions d\u2019enseignement et de vie aux futurs laur\u00e9ats.<\/p>\n<p class=\"c4\">Cette c\u00e9r\u00e9monie s\u2019est d\u00e9roul\u00e9e en pr\u00e9sence notamment du wali de la r\u00e9gion F\u00e8s-Mekn\u00e8s, gouverneur de la pr\u00e9fecture de F\u00e8s, Said Zniber, du maire de la ville de F\u00e8s, Driss El Azami El Idrissi, des directeurs des cinq \u00e9coles nationales d\u2019architecture, des architectes de la place, ainsi que des \u00e9tudiants et des parents.<\/p>\n<p>Auteur: M&rsquo;hammed rahal<br \/>\n<a href=\"http:\/\/albayane.press.ma\/fassi-fihri-pour-le-renforcement-de-la-coordination-entre-les-ecoles-nationales-darchitecture.html\">Cliquez ici pour lire l&rsquo;article depuis sa source.<\/a><\/p>\n","protected":false},"excerpt":{"rendered":"<p>Le ministre de l\u2019am\u00e9nagement du territoire national, de l\u2019urbanisme, de l\u2019habitat et de la politique de la ville, Abdelahad Fassi Fihri, a plaid\u00e9, vendredi, pour le renforcement de la coordination entre les \u00e9coles nationales d\u2019architecture, afin d\u2019\u00e9laborer et de r\u00e9ussir un projet p\u00e9dagogique commun. L\u2019objectif du lancement de ce processus de coordination est de \u2018\u2019r\u00e9ussir [&hellip;]<\/p>\n","protected":false},"author":1760,"featured_media":0,"comment_status":"closed","ping_status":"closed","sticky":false,"template":"","format":"standard","meta":{"fifu_image_url":"","fifu_image_alt":"","footnotes":""},"categories":[73,54],"tags":[],"class_list":["post-61284","post","type-post","status-publish","format-standard","hentry","category-actualite","category-maroc"],"_links":{"self":[{"href":"https:\/\/linitiative.ca\/International\/wp-json\/wp\/v2\/posts\/61284","targetHints":{"allow":["GET"]}}],"collection":[{"href":"https:\/\/linitiative.ca\/International\/wp-json\/wp\/v2\/posts"}],"about":[{"href":"https:\/\/linitiative.ca\/International\/wp-json\/wp\/v2\/types\/post"}],"author":[{"embeddable":true,"href":"https:\/\/linitiative.ca\/International\/wp-json\/wp\/v2\/users\/1760"}],"replies":[{"embeddable":true,"href":"https:\/\/linitiative.ca\/International\/wp-json\/wp\/v2\/comments?post=61284"}],"version-history":[{"count":0,"href":"https:\/\/linitiative.ca\/International\/wp-json\/wp\/v2\/posts\/61284\/revisions"}],"wp:attachment":[{"href":"https:\/\/linitiative.ca\/International\/wp-json\/wp\/v2\/media?parent=61284"}],"wp:term":[{"taxonomy":"category","embeddable":true,"href":"https:\/\/linitiative.ca\/International\/wp-json\/wp\/v2\/categories?post=61284"},{"taxonomy":"post_tag","embeddable":true,"href":"https:\/\/linitiative.ca\/International\/wp-json\/wp\/v2\/tags?post=61284"}],"curies":[{"name":"wp","href":"https:\/\/api.w.org\/{rel}","templated":true}]}}