{"id":61285,"date":"2019-09-16T07:32:35","date_gmt":"2019-09-16T11:32:35","guid":{"rendered":"https:\/\/linitiative.ca\/International\/un-grand-test-pour-la-democratie-en-tunisie\/"},"modified":"2019-09-16T07:32:35","modified_gmt":"2019-09-16T11:32:35","slug":"un-grand-test-pour-la-democratie-en-tunisie","status":"publish","type":"post","link":"https:\/\/linitiative.ca\/International\/un-grand-test-pour-la-democratie-en-tunisie\/","title":{"rendered":"Un grand test pour la d\u00e9mocratie en Tunisie"},"content":{"rendered":"<p class=\"c3\"><span class=\"c2\"><strong>Election pr\u00e9sidentielle anticip\u00e9e<\/strong><\/span><\/p>\n<p class=\"c5\"><strong><span class=\"c2\">P<\/span><span class=\"c4\">lus de sept millions de Tunisiens inscrits sur les listes \u00e9lectorales sont appel\u00e9s, ce dimanche, \u00e0 se rendre aux urnes pour choisir le successeur de B\u00e9ji Caid Essebsi, d\u00e9c\u00e9d\u00e9 le 25 juillet dernier, une deuxi\u00e8me fois dans un scrutin pr\u00e9sidentiel libre, au r\u00e9sultat aussi bien ouvert qu\u2019incertain.<\/span><\/strong><br \/>Consid\u00e9r\u00e9 comme une nouvelle \u00e9tape de la transition d\u00e9mocratique, cette \u00e9lection anticip\u00e9e a valeur de test pour le processus enclench\u00e9 depuis 2011, ainsi que pour la solidit\u00e9 des institutions r\u00e9publicaines d\u2019un pays qui a r\u00e9ussi sa mue au plan politique mais qui peine, depuis huit ans, \u00e0 trouver des solutions efficaces pour faire face \u00e0 l\u2019hydre terroriste, remettre son \u00e9conomie sur la bonne trajectoire et apaiser des tensions sociales persistantes.<br \/>De l\u2019avis de nombreux observateurs, jamais l\u2019issue d\u2019une \u00e9lection \u00e0 la magistrature supr\u00eame n\u2019aura \u00e9t\u00e9 aussi impr\u00e9visible. C\u2019est la premi\u00e8re fois que les Tunisiens n\u2019ont aucune id\u00e9e de qui va \u00eatre pr\u00e9sident, affirme, par exemple, le groupe de r\u00e9flexion tunisien \u00ab\u00a0Joussour\u00a0\u00bb.<br \/>Contrairement aux \u00e9lections de 2014, ce scrutin n\u2019oppose pas le camp dit \u00ab\u00a0moderniste\u00a0\u00bb \u00e0 celui \u00a0\u00bb islamiste\u00a0\u00bb, mais plut\u00f4t des candidats qui repr\u00e9sentent une diversit\u00e9 de familles politiques, de profils ind\u00e9pendants, de personnalit\u00e9s issues de la soci\u00e9t\u00e9 civile et de figures populistes.<br \/>Cette nouvelle donne s\u2019explique par un paysage politique, qui s\u2019est \u00e9parpill\u00e9 en plusieurs p\u00f4les repr\u00e9sentant islamistes, la\u00efques, populistes et partisans de l\u2019ancien r\u00e9gime.<br \/>Cet \u00e9parpillement trouve son pendant dans des familles politiques \u00e9clat\u00e9es, des programmes parfois peu diff\u00e9renci\u00e9s et des candidats dont tr\u00e8s peu sont parvenus \u00e0 s\u00e9duire un \u00e9lectorat r\u00e9calcitrant.<br \/>En th\u00e9orie, vingt-six candidats, dont un en prison, s\u2019affronteront dimanche au premier tour de l\u2019\u00e9lection pr\u00e9sidentielle, si l\u2019on ne compte pas le d\u00e9sistement vendredi en fin de journ\u00e9e de deux candidats, Mohsen Marzouk du parti \u00ab\u00a0Machrouu Tounes\u00a0\u00bb et Slim Riahi d\u2019\u00a0\u00bbAl Watan Al Jadid\u00a0\u00bb, actuellement en exil en France, au profit du candidat ind\u00e9pendant Abdelkrim Zbidi, donnant, malgr\u00e9 tout, un signal clair sur la pers\u00e9v\u00e9rance du pays sur la voie d\u00e9mocratique.<br \/>Manifestement, ce scrutin constituant un test important pour la d\u00e9mocratie, devrait consacrer le principe de l\u2019alternance pacifique au pouvoir tout en ouvrant la possibilit\u00e9 d\u2019une \u00e9ventuelle victoire d\u2019un candidat clivant, \u00e0 l\u2019instar de Nabil Karoui, maintenu en d\u00e9tention.<br \/>En effet, en d\u00e9pit de l\u2019effet n\u00e9gatif provoqu\u00e9 par les querelles politiciennes, la crise \u00e9conomique et les tensions sociales, les observateurs sont unanimes \u00e0 souligner qu\u2019il n\u2019y aura plus de retour en arri\u00e8re, que la libert\u00e9 de parole est un acquis devenu presque irr\u00e9versible et qu\u2019il existe d\u00e9sormais une jeune g\u00e9n\u00e9ration qui n\u2019imagine pas la vie autrement qu\u2019en d\u00e9mocratie.<\/p>\n<p>Auteur: M&rsquo;hammed rahal<br \/>\n<a href=\"http:\/\/albayane.press.ma\/un-grand-test-pour-la-democratie-en-tunisie.html\">Cliquez ici pour lire l&rsquo;article depuis sa source.<\/a><\/p>\n","protected":false},"excerpt":{"rendered":"<p>Election pr\u00e9sidentielle anticip\u00e9e Plus de sept millions de Tunisiens inscrits sur les listes \u00e9lectorales sont appel\u00e9s, ce dimanche, \u00e0 se rendre aux urnes pour choisir le successeur de B\u00e9ji Caid Essebsi, d\u00e9c\u00e9d\u00e9 le 25 juillet dernier, une deuxi\u00e8me fois dans un scrutin pr\u00e9sidentiel libre, au r\u00e9sultat aussi bien ouvert qu\u2019incertain.Consid\u00e9r\u00e9 comme une nouvelle \u00e9tape de [&hellip;]<\/p>\n","protected":false},"author":1760,"featured_media":0,"comment_status":"closed","ping_status":"closed","sticky":false,"template":"","format":"standard","meta":{"fifu_image_url":"","fifu_image_alt":"","footnotes":""},"categories":[73,54],"tags":[],"class_list":["post-61285","post","type-post","status-publish","format-standard","hentry","category-actualite","category-maroc"],"_links":{"self":[{"href":"https:\/\/linitiative.ca\/International\/wp-json\/wp\/v2\/posts\/61285","targetHints":{"allow":["GET"]}}],"collection":[{"href":"https:\/\/linitiative.ca\/International\/wp-json\/wp\/v2\/posts"}],"about":[{"href":"https:\/\/linitiative.ca\/International\/wp-json\/wp\/v2\/types\/post"}],"author":[{"embeddable":true,"href":"https:\/\/linitiative.ca\/International\/wp-json\/wp\/v2\/users\/1760"}],"replies":[{"embeddable":true,"href":"https:\/\/linitiative.ca\/International\/wp-json\/wp\/v2\/comments?post=61285"}],"version-history":[{"count":0,"href":"https:\/\/linitiative.ca\/International\/wp-json\/wp\/v2\/posts\/61285\/revisions"}],"wp:attachment":[{"href":"https:\/\/linitiative.ca\/International\/wp-json\/wp\/v2\/media?parent=61285"}],"wp:term":[{"taxonomy":"category","embeddable":true,"href":"https:\/\/linitiative.ca\/International\/wp-json\/wp\/v2\/categories?post=61285"},{"taxonomy":"post_tag","embeddable":true,"href":"https:\/\/linitiative.ca\/International\/wp-json\/wp\/v2\/tags?post=61285"}],"curies":[{"name":"wp","href":"https:\/\/api.w.org\/{rel}","templated":true}]}}