{"id":61286,"date":"2019-09-16T11:08:05","date_gmt":"2019-09-16T15:08:05","guid":{"rendered":"https:\/\/linitiative.ca\/International\/participation-a-la-presidentielle-le-taux-le-plus-fort-a-kebili-et-le-plus-faible-a-beja\/"},"modified":"2019-09-16T11:08:05","modified_gmt":"2019-09-16T15:08:05","slug":"participation-a-la-presidentielle-le-taux-le-plus-fort-a-kebili-et-le-plus-faible-a-beja","status":"publish","type":"post","link":"https:\/\/linitiative.ca\/International\/participation-a-la-presidentielle-le-taux-le-plus-fort-a-kebili-et-le-plus-faible-a-beja\/","title":{"rendered":"Participation \u00e0 la pr\u00e9sidentielle : Le taux le plus fort \u00e0 K\u00e9bili et le plus faible \u00e0 B\u00e9ja"},"content":{"rendered":"<p>Le taux de participation le plus \u00e9lev\u00e9 \u00e0 l\u2019\u00e9lection pr\u00e9sidentielle anticip\u00e9e a \u00e9t\u00e9 enregistr\u00e9 dans la circonscription de K\u00e9bili (58,89%) et le plus faible dans la circonscription de B\u00e9ja (22,82%), a annonc\u00e9 l\u2019ISIE, dimanche, dans un point de presse.<\/p>\n<p>Par circonscriptions \u00e9lectorales, la participation des \u00e9lecteurs \u00e0 la pr\u00e9sidentielle anticip\u00e9e a atteint les taux suivants :<\/p>\n<p>\u2013 Tunis 1 : 47,38%<\/p>\n<p>\u2013 Tunis 2 : 58,56%<\/p>\n<p>\u2013 Ben Arous : 49,59 pc<\/p>\n<p>\u2013 Ariana : 58,10%<\/p>\n<p>\u2013 Manouba : 49,2%<\/p>\n<p>\u2013 Kef: 41%<\/p>\n<p>-Jendouba : 34%<\/p>\n<p>\u2013 Siliana : 42%<\/p>\n<p>\u2013 Bizerte : 49,33%<\/p>\n<p>\u2013 B\u00e9ja : 22,82%<\/p>\n<p>\u2013 Nabeul 1: 53,97%<\/p>\n<p>\u2013 Nabeul 2: 51,95%<\/p>\n<p>\u2013 Zaghouan : 44,61%<\/p>\n<p>\u2013 Kairouan : 34,22%<\/p>\n<p>\u2013 Kasserine : 33%<\/p>\n<p>\u2013 Sidi Bouzid : 48,18%<\/p>\n<p>\u2013 Tozeur : 47,71%<\/p>\n<p>\u2013 K\u00e9bili : 58,89%<\/p>\n<p>\u2013 Sousse : 51,88%<\/p>\n<p>\u2013 Mahdia : 38,28%<\/p>\n<p>\u2013 Monastir : 40%<\/p>\n<p>\u2013 M\u00e9denine : 39,53%<\/p>\n<p>\u2013 Gab\u00e8s : 39,6%<\/p>\n<p>\u2013 Tataouine : 47,78%<\/p>\n<p>\u2013 Gafsa : 35%<\/p>\n<p>S\u2019agissant des circonscriptions \u00e9lectorales \u00e0 l\u2019\u00e9tranger, le taux de participation global a atteint 19,7%.<\/p>\n<p>Dans ces circonscriptions, les taux de participation enregistr\u00e9s \u00e9taient comme suit :<\/p>\n<p>\u2013 circonscription \u00e9lectorale France 1 : 32,8%<\/p>\n<p>\u2013 circonscription \u00e9lectorale France 2 : 16,2%<\/p>\n<p>\u2013 circonscription \u00e9lectorale Allemagne : 18,9<\/p>\n<p>\u2013 circonscription \u00e9lectorale Italie : 8,45%<\/p>\n<p>\u2013 circonscription \u00e9lectorale Monde arabe : 27,3%<\/p>\n<p>\u2013 circonscription \u00e9lectorale Am\u00e9riques : 13,2%<\/p>\n<p class=\"dpsp-share-text\">Partager c&rsquo;est aimer!<\/p>\n<div class=\"wp-post-author-wrap wp-post-author-shortcode left\">\n<h3 class=\"awpa-title\"\/>\n<div class=\"wp-post-author\">\n<div class=\"awpa-img awpa-author-block square\"><a href=\"http:\/\/lexpertjournal.net\/fr\/author\/expert\/\"><img loading=\"lazy\" decoding=\"async\" alt=\"\" src=\"http:\/\/2.gravatar.com\/avatar\/56d99be2a6f97af88ccb49fada637fcd?s=150&#038;d=mm&#038;r=g\" srcset=\"http:\/\/2.gravatar.com\/avatar\/56d99be2a6f97af88ccb49fada637fcd?s=300&#038;d=mm&#038;r=g 2x\" class=\"avatar avatar-150 photo\" height=\"150\" width=\"150\"\/><\/a><\/div>\n<\/div>\n<\/div>\n<p>Auteur: L&rsquo;expert<br \/>\n<a href=\"http:\/\/lexpertjournal.net\/fr\/2019\/09\/16\/participation-a-la-presidentielle-le-taux-le-plus-fort-a-kebili-et-le-plus-faible-a-beja\/\">Cliquez ici pour lire l&rsquo;article depuis sa source.<\/a><\/p>\n","protected":false},"excerpt":{"rendered":"<p>Le taux de participation le plus \u00e9lev\u00e9 \u00e0 l\u2019\u00e9lection pr\u00e9sidentielle anticip\u00e9e a \u00e9t\u00e9 enregistr\u00e9 dans la circonscription de K\u00e9bili (58,89%) et le plus faible dans la circonscription de B\u00e9ja (22,82%), a annonc\u00e9 l\u2019ISIE, dimanche, dans un point de presse. Par circonscriptions \u00e9lectorales, la participation des \u00e9lecteurs \u00e0 la pr\u00e9sidentielle anticip\u00e9e a atteint les taux suivants [&hellip;]<\/p>\n","protected":false},"author":1775,"featured_media":0,"comment_status":"closed","ping_status":"closed","sticky":false,"template":"","format":"standard","meta":{"fifu_image_url":"","fifu_image_alt":"","footnotes":""},"categories":[78,55],"tags":[],"class_list":["post-61286","post","type-post","status-publish","format-standard","hentry","category-economie","category-tunisie"],"_links":{"self":[{"href":"https:\/\/linitiative.ca\/International\/wp-json\/wp\/v2\/posts\/61286","targetHints":{"allow":["GET"]}}],"collection":[{"href":"https:\/\/linitiative.ca\/International\/wp-json\/wp\/v2\/posts"}],"about":[{"href":"https:\/\/linitiative.ca\/International\/wp-json\/wp\/v2\/types\/post"}],"author":[{"embeddable":true,"href":"https:\/\/linitiative.ca\/International\/wp-json\/wp\/v2\/users\/1775"}],"replies":[{"embeddable":true,"href":"https:\/\/linitiative.ca\/International\/wp-json\/wp\/v2\/comments?post=61286"}],"version-history":[{"count":0,"href":"https:\/\/linitiative.ca\/International\/wp-json\/wp\/v2\/posts\/61286\/revisions"}],"wp:attachment":[{"href":"https:\/\/linitiative.ca\/International\/wp-json\/wp\/v2\/media?parent=61286"}],"wp:term":[{"taxonomy":"category","embeddable":true,"href":"https:\/\/linitiative.ca\/International\/wp-json\/wp\/v2\/categories?post=61286"},{"taxonomy":"post_tag","embeddable":true,"href":"https:\/\/linitiative.ca\/International\/wp-json\/wp\/v2\/tags?post=61286"}],"curies":[{"name":"wp","href":"https:\/\/api.w.org\/{rel}","templated":true}]}}