{"id":61287,"date":"2019-09-16T11:10:03","date_gmt":"2019-09-16T15:10:03","guid":{"rendered":"https:\/\/linitiative.ca\/International\/decompte-de-27-des-voix-de-la-presidentielle-kais-said-et-nabil-karoui-en-tete\/"},"modified":"2019-09-16T11:10:03","modified_gmt":"2019-09-16T15:10:03","slug":"decompte-de-27-des-voix-de-la-presidentielle-kais-said-et-nabil-karoui-en-tete","status":"publish","type":"post","link":"https:\/\/linitiative.ca\/International\/decompte-de-27-des-voix-de-la-presidentielle-kais-said-et-nabil-karoui-en-tete\/","title":{"rendered":"D\u00e9compte de 27% des voix de la pr\u00e9sidentielle :  Ka\u00efs Sa\u00efd et Nabil Karoui en t\u00eate"},"content":{"rendered":"<p>Les r\u00e9sultats recueillis par l\u2019Instance sup\u00e9rieure ind\u00e9pendante pour les \u00e9lections, apr\u00e8s le comptage de 27 pc des proc\u00e8s-verbaux dans les diff\u00e9rentes circonscriptions, donnent premier le candidat \u00e0 la pr\u00e9sidentielle Ka\u00efs Sa\u00efd (19 pc) avec quatre points d\u2019avance sur le second, Nabil Karoui (14,5).<\/p>\n<p>Arrive en troisi\u00e8me position de la pr\u00e9sidentielle anticip\u00e9e le candidat d\u2019Ennahdha, Abdelfattah Mourou, avec 13,1 des suffrages exprim\u00e9s. Selon les r\u00e9sultats actualis\u00e9s affich\u00e9s par l\u2019ISIE au Media center, lundi, le candidat Abdelkrim Zbidi occupe la quatri\u00e8me place (9,6 pc), suivi de Youssef Chahed (7,4 pc) et de Safi Sa\u00efd (6,6 pc).<\/p>\n<p>Les candidats Salma Elloumi, Mohamed Sghaier Nouri, Slim Riahi, Hatem Boulabiar arrivent en queue de classement avec 0,1 pc chacun.<\/p>\n<p>L\u2019ISIE donnera une conf\u00e9rence de presse dans la journ\u00e9e.<\/p>\n<p class=\"dpsp-share-text\">Partager c&rsquo;est aimer!<\/p>\n<div class=\"wp-post-author-wrap wp-post-author-shortcode left\">\n<h3 class=\"awpa-title\"\/>\n<div class=\"wp-post-author\">\n<div class=\"awpa-img awpa-author-block square\"><a href=\"http:\/\/lexpertjournal.net\/fr\/author\/expert\/\"><img loading=\"lazy\" decoding=\"async\" alt=\"\" src=\"http:\/\/2.gravatar.com\/avatar\/56d99be2a6f97af88ccb49fada637fcd?s=150&#038;d=mm&#038;r=g\" srcset=\"http:\/\/2.gravatar.com\/avatar\/56d99be2a6f97af88ccb49fada637fcd?s=300&#038;d=mm&#038;r=g 2x\" class=\"avatar avatar-150 photo\" height=\"150\" width=\"150\"\/><\/a><\/div>\n<\/div>\n<\/div>\n<p>Auteur: L&rsquo;expert<br \/>\n<a href=\"http:\/\/lexpertjournal.net\/fr\/2019\/09\/16\/decompte-de-27-des-voix-de-la-presidentielle-kais-said-et-nabil-karoui-en-tete\/\">Cliquez ici pour lire l&rsquo;article depuis sa source.<\/a><\/p>\n","protected":false},"excerpt":{"rendered":"<p>Les r\u00e9sultats recueillis par l\u2019Instance sup\u00e9rieure ind\u00e9pendante pour les \u00e9lections, apr\u00e8s le comptage de 27 pc des proc\u00e8s-verbaux dans les diff\u00e9rentes circonscriptions, donnent premier le candidat \u00e0 la pr\u00e9sidentielle Ka\u00efs Sa\u00efd (19 pc) avec quatre points d\u2019avance sur le second, Nabil Karoui (14,5). Arrive en troisi\u00e8me position de la pr\u00e9sidentielle anticip\u00e9e le candidat d\u2019Ennahdha, Abdelfattah [&hellip;]<\/p>\n","protected":false},"author":1775,"featured_media":0,"comment_status":"closed","ping_status":"closed","sticky":false,"template":"","format":"standard","meta":{"fifu_image_url":"","fifu_image_alt":"","footnotes":""},"categories":[78,55],"tags":[],"class_list":["post-61287","post","type-post","status-publish","format-standard","hentry","category-economie","category-tunisie"],"_links":{"self":[{"href":"https:\/\/linitiative.ca\/International\/wp-json\/wp\/v2\/posts\/61287","targetHints":{"allow":["GET"]}}],"collection":[{"href":"https:\/\/linitiative.ca\/International\/wp-json\/wp\/v2\/posts"}],"about":[{"href":"https:\/\/linitiative.ca\/International\/wp-json\/wp\/v2\/types\/post"}],"author":[{"embeddable":true,"href":"https:\/\/linitiative.ca\/International\/wp-json\/wp\/v2\/users\/1775"}],"replies":[{"embeddable":true,"href":"https:\/\/linitiative.ca\/International\/wp-json\/wp\/v2\/comments?post=61287"}],"version-history":[{"count":0,"href":"https:\/\/linitiative.ca\/International\/wp-json\/wp\/v2\/posts\/61287\/revisions"}],"wp:attachment":[{"href":"https:\/\/linitiative.ca\/International\/wp-json\/wp\/v2\/media?parent=61287"}],"wp:term":[{"taxonomy":"category","embeddable":true,"href":"https:\/\/linitiative.ca\/International\/wp-json\/wp\/v2\/categories?post=61287"},{"taxonomy":"post_tag","embeddable":true,"href":"https:\/\/linitiative.ca\/International\/wp-json\/wp\/v2\/tags?post=61287"}],"curies":[{"name":"wp","href":"https:\/\/api.w.org\/{rel}","templated":true}]}}