{"id":61288,"date":"2019-09-16T11:11:36","date_gmt":"2019-09-16T15:11:36","guid":{"rendered":"https:\/\/linitiative.ca\/International\/lutte-contre-le-blanchiment-dargent-mission-de-2-jours-du-gafi-en-tunisie\/"},"modified":"2019-09-16T11:11:36","modified_gmt":"2019-09-16T15:11:36","slug":"lutte-contre-le-blanchiment-dargent-mission-de-2-jours-du-gafi-en-tunisie","status":"publish","type":"post","link":"https:\/\/linitiative.ca\/International\/lutte-contre-le-blanchiment-dargent-mission-de-2-jours-du-gafi-en-tunisie\/","title":{"rendered":"Lutte contre le blanchiment d\u2019argent : Mission de 2 jours du GAFI en Tunisie"},"content":{"rendered":"<p>Une d\u00e9l\u00e9gation du groupe d\u2019action financi\u00e8re (GAFI), institution internationale en charge de l\u2019examen et l\u2019\u00e9laboration des mesures de lutte contre le blanchiment de capitaux et le financement du terrorisme entame, lundi, une visite de deux jours en Tunisie, pour statuer sur la question du retrait de la Tunisie de la liste des pays soumis \u00e0 la surveillance du GAFI.<\/p>\n<p>Une visite \u00e0 l\u2019issue de laquelle la Tunisie aspire \u00e0 sortir d\u00e9finitivement de la liste du GAFI apr\u00e8s avoir achev\u00e9 son plan d\u2019action visant \u00e0 lutter contre le blanchiment d\u2019argent et le financement du terrorisme.<\/p>\n<p>Les r\u00e9sultats de cette visite seront connus d\u00e8s son ach\u00e8vement le 17 septembre 2019, mais officiellement annonc\u00e9s en octobre 2019 lors de l\u2019assembl\u00e9e g\u00e9n\u00e9rale du GAFI.<\/p>\n<p class=\"dpsp-share-text\">Partager c&rsquo;est aimer!<\/p>\n<div class=\"wp-post-author-wrap wp-post-author-shortcode left\">\n<h3 class=\"awpa-title\"\/>\n<div class=\"wp-post-author\">\n<div class=\"awpa-img awpa-author-block square\"><a href=\"http:\/\/lexpertjournal.net\/fr\/author\/expert\/\"><img loading=\"lazy\" decoding=\"async\" alt=\"\" src=\"http:\/\/2.gravatar.com\/avatar\/56d99be2a6f97af88ccb49fada637fcd?s=150&#038;d=mm&#038;r=g\" srcset=\"http:\/\/2.gravatar.com\/avatar\/56d99be2a6f97af88ccb49fada637fcd?s=300&#038;d=mm&#038;r=g 2x\" class=\"avatar avatar-150 photo\" height=\"150\" width=\"150\"\/><\/a><\/div>\n<\/div>\n<\/div>\n<p>Auteur: L&rsquo;expert<br \/>\n<a href=\"http:\/\/lexpertjournal.net\/fr\/2019\/09\/16\/lutte-contre-le-blanchiment-dargent-mission-de-2-jours-du-gafi-en-tunisie\/\">Cliquez ici pour lire l&rsquo;article depuis sa source.<\/a><\/p>\n","protected":false},"excerpt":{"rendered":"<p>Une d\u00e9l\u00e9gation du groupe d\u2019action financi\u00e8re (GAFI), institution internationale en charge de l\u2019examen et l\u2019\u00e9laboration des mesures de lutte contre le blanchiment de capitaux et le financement du terrorisme entame, lundi, une visite de deux jours en Tunisie, pour statuer sur la question du retrait de la Tunisie de la liste des pays soumis \u00e0 [&hellip;]<\/p>\n","protected":false},"author":1775,"featured_media":0,"comment_status":"closed","ping_status":"closed","sticky":false,"template":"","format":"standard","meta":{"fifu_image_url":"","fifu_image_alt":"","footnotes":""},"categories":[78,55],"tags":[],"class_list":["post-61288","post","type-post","status-publish","format-standard","hentry","category-economie","category-tunisie"],"_links":{"self":[{"href":"https:\/\/linitiative.ca\/International\/wp-json\/wp\/v2\/posts\/61288","targetHints":{"allow":["GET"]}}],"collection":[{"href":"https:\/\/linitiative.ca\/International\/wp-json\/wp\/v2\/posts"}],"about":[{"href":"https:\/\/linitiative.ca\/International\/wp-json\/wp\/v2\/types\/post"}],"author":[{"embeddable":true,"href":"https:\/\/linitiative.ca\/International\/wp-json\/wp\/v2\/users\/1775"}],"replies":[{"embeddable":true,"href":"https:\/\/linitiative.ca\/International\/wp-json\/wp\/v2\/comments?post=61288"}],"version-history":[{"count":0,"href":"https:\/\/linitiative.ca\/International\/wp-json\/wp\/v2\/posts\/61288\/revisions"}],"wp:attachment":[{"href":"https:\/\/linitiative.ca\/International\/wp-json\/wp\/v2\/media?parent=61288"}],"wp:term":[{"taxonomy":"category","embeddable":true,"href":"https:\/\/linitiative.ca\/International\/wp-json\/wp\/v2\/categories?post=61288"},{"taxonomy":"post_tag","embeddable":true,"href":"https:\/\/linitiative.ca\/International\/wp-json\/wp\/v2\/tags?post=61288"}],"curies":[{"name":"wp","href":"https:\/\/api.w.org\/{rel}","templated":true}]}}