{"id":61289,"date":"2019-09-16T11:13:17","date_gmt":"2019-09-16T15:13:17","guid":{"rendered":"https:\/\/linitiative.ca\/International\/nabil-karoui-au-second-tour-de-la-presidentielle-le-flou-entre-le-juridique-et-le-constitutionnel\/"},"modified":"2019-09-16T11:13:17","modified_gmt":"2019-09-16T15:13:17","slug":"nabil-karoui-au-second-tour-de-la-presidentielle-le-flou-entre-le-juridique-et-le-constitutionnel","status":"publish","type":"post","link":"https:\/\/linitiative.ca\/International\/nabil-karoui-au-second-tour-de-la-presidentielle-le-flou-entre-le-juridique-et-le-constitutionnel\/","title":{"rendered":"Nabil Karoui au second tour de la pr\u00e9sidentielle : Le flou entre le juridique et le constitutionnel !"},"content":{"rendered":"<p>Le pr\u00e9sident de l\u2019Instance Sup\u00e9rieure Ind\u00e9pendante des Elections (ISIE), Nabil Baffoun, a d\u00e9clar\u00e9 qu\u2019il n\u2019y avait pas de divergence entre le code p\u00e9nal et le code \u00e9lectoral en ce qui concerne le candidat \u00e0 l\u2019\u00e9lection pr\u00e9sidentielle anticip\u00e9 Nabil Karoui, d\u00e9tenu et poursuivi en justice.<\/p>\n<p>\u00ab Le code \u00e9lectoral n\u2019a pas fait r\u00e9f\u00e9rence \u00e0 la situation d\u2019un candidat en prison et \u00e9voque seulement les cas de retrait et de d\u00e9c\u00e8s \u00bb, a-t-il pr\u00e9cis\u00e9, dimanche soir au palais des congr\u00e8s.<\/p>\n<p>Il a indiqu\u00e9 que la question de la situation d\u2019un candidat en prison est r\u00e9gie par le code p\u00e9nal et le juge d\u2019instruction disposait du pouvoir discr\u00e9tionnaire d\u2019examiner les demandes, notamment de permettre au candidat Nabil Karoui de faire campagne conform\u00e9ment au code \u00e9lectoral. \u00ab Ceci a \u00e9t\u00e9 rejet\u00e9 sur la base des dispositions du code p\u00e9nal \u00bb, a-t-il ajout\u00e9.<\/p>\n<p>Il a \u00e9galement soulign\u00e9 que l\u2019ISIE \u00ab a fait tout ce qui \u00e9tait en son pouvoir pour garantir le principe de l\u2019\u00e9galit\u00e9 des chances entre tous les candidats \u00bb, pr\u00e9cisant que l\u2019Instance respecte les d\u00e9cisions du pouvoir judiciaire et \u00ab ses pr\u00e9rogatives s\u2019arr\u00eatent o\u00f9 commencent celles des pouvoirs judiciaires \u00bb.<\/p>\n<p>Au sujet des violations constat\u00e9es, Baffoun a soulign\u00e9 que l\u2019ISIE est en train de compiler ces irr\u00e9gularit\u00e9s et qu\u2019elle recevra un rapport complet sur la campagne \u00e9lectorale de chaque candidat et sur les irr\u00e9gularit\u00e9s commises. \u00ab Par cons\u00e9quent, ces irr\u00e9gularit\u00e9s seront \u00e9valu\u00e9es et contribueront \u00e0 invalider les votes, que ce soit dans certains centres ou dans leur totalit\u00e9, au cas o\u00f9 elles auraient influ\u00e9 sur la volont\u00e9 de l\u2019\u00e9lecteur \u00bb, a soulign\u00e9 le pr\u00e9sident de l\u2019Instance.<\/p>\n<p>En ce qui concerne les r\u00e9sultats des sondages d\u2019opinions, il a fait remarquer que cela \u00ab affectaient l\u2019opinion publique dans son ensemble, mais restaient toujours probables et li\u00e9s aux circonscriptions \u00e9lectorales, \u00e9tant donn\u00e9 que les r\u00e9sultats officiels sont proclam\u00e9s par l\u2019ISIE \u00bb.<\/p>\n<p>Nabil Karoui, candidat \u00e0 la pr\u00e9sidentielle du parti \u00ab c\u0153ur de la Tunisie \u00bb, est en attente d\u2019un proc\u00e8s dans une affaire d\u00e9pos\u00e9e par l\u2019organisation \u00ab I Watch \u00bb pour suspicion de blanchiment d\u2019argent, par le biais de soci\u00e9t\u00e9s d\u00e9tenues par son fr\u00e8re Ghazi Karoui au Maroc, en Alg\u00e9rie et au Luxembourg, rappelle-t-on.<\/p>\n<p>Le 5 septembre 2019, la Cour d\u2019appel de Tunis a rejet\u00e9 une demande de sa lib\u00e9ration et de maintien des mesures conservatoires prises \u00e0 l\u2019encontre des deux fr\u00e8res Karoui, relatives \u00e0 l\u2019interdiction de voyager et au gel des biens de Nabil Karoui qui dirige actuellement le parti \u00ab c\u0153ur de la Tunisie \u00bb.<\/p>\n<p>Selon un sondage de sortie des urnes men\u00e9 par un institut de sondages apr\u00e8s la fermeture des bureaux de vote \u00e0 18h00, les candidats Ka\u00efs Sa\u00efd et Nabil Karoui arrivent en t\u00eate des r\u00e9sultats.<\/p>\n<p class=\"dpsp-share-text\">Partager c&rsquo;est aimer!<\/p>\n<div class=\"wp-post-author-wrap wp-post-author-shortcode left\">\n<h3 class=\"awpa-title\"\/>\n<div class=\"wp-post-author\">\n<div class=\"awpa-img awpa-author-block square\"><a href=\"http:\/\/lexpertjournal.net\/fr\/author\/expert\/\"><img loading=\"lazy\" decoding=\"async\" alt=\"\" src=\"http:\/\/2.gravatar.com\/avatar\/56d99be2a6f97af88ccb49fada637fcd?s=150&#038;d=mm&#038;r=g\" srcset=\"http:\/\/2.gravatar.com\/avatar\/56d99be2a6f97af88ccb49fada637fcd?s=300&#038;d=mm&#038;r=g 2x\" class=\"avatar avatar-150 photo\" height=\"150\" width=\"150\"\/><\/a><\/div>\n<\/div>\n<\/div>\n<p>Auteur: L&rsquo;expert<br \/>\n<a href=\"http:\/\/lexpertjournal.net\/fr\/2019\/09\/16\/nabil-karoui-au-second-tour-de-la-presidentielle-le-flou-entre-le-juridique-et-le-constitutionnel\/\">Cliquez ici pour lire l&rsquo;article depuis sa source.<\/a><\/p>\n","protected":false},"excerpt":{"rendered":"<p>Le pr\u00e9sident de l\u2019Instance Sup\u00e9rieure Ind\u00e9pendante des Elections (ISIE), Nabil Baffoun, a d\u00e9clar\u00e9 qu\u2019il n\u2019y avait pas de divergence entre le code p\u00e9nal et le code \u00e9lectoral en ce qui concerne le candidat \u00e0 l\u2019\u00e9lection pr\u00e9sidentielle anticip\u00e9 Nabil Karoui, d\u00e9tenu et poursuivi en justice. \u00ab Le code \u00e9lectoral n\u2019a pas fait r\u00e9f\u00e9rence \u00e0 la situation [&hellip;]<\/p>\n","protected":false},"author":1775,"featured_media":0,"comment_status":"closed","ping_status":"closed","sticky":false,"template":"","format":"standard","meta":{"fifu_image_url":"","fifu_image_alt":"","footnotes":""},"categories":[78,55],"tags":[],"class_list":["post-61289","post","type-post","status-publish","format-standard","hentry","category-economie","category-tunisie"],"_links":{"self":[{"href":"https:\/\/linitiative.ca\/International\/wp-json\/wp\/v2\/posts\/61289","targetHints":{"allow":["GET"]}}],"collection":[{"href":"https:\/\/linitiative.ca\/International\/wp-json\/wp\/v2\/posts"}],"about":[{"href":"https:\/\/linitiative.ca\/International\/wp-json\/wp\/v2\/types\/post"}],"author":[{"embeddable":true,"href":"https:\/\/linitiative.ca\/International\/wp-json\/wp\/v2\/users\/1775"}],"replies":[{"embeddable":true,"href":"https:\/\/linitiative.ca\/International\/wp-json\/wp\/v2\/comments?post=61289"}],"version-history":[{"count":0,"href":"https:\/\/linitiative.ca\/International\/wp-json\/wp\/v2\/posts\/61289\/revisions"}],"wp:attachment":[{"href":"https:\/\/linitiative.ca\/International\/wp-json\/wp\/v2\/media?parent=61289"}],"wp:term":[{"taxonomy":"category","embeddable":true,"href":"https:\/\/linitiative.ca\/International\/wp-json\/wp\/v2\/categories?post=61289"},{"taxonomy":"post_tag","embeddable":true,"href":"https:\/\/linitiative.ca\/International\/wp-json\/wp\/v2\/tags?post=61289"}],"curies":[{"name":"wp","href":"https:\/\/api.w.org\/{rel}","templated":true}]}}