{"id":61290,"date":"2019-09-16T11:17:16","date_gmt":"2019-09-16T15:17:16","guid":{"rendered":"https:\/\/linitiative.ca\/International\/presidentielle-2019-environ-4-millions-delecteurs-se-sont-abstenus\/"},"modified":"2019-09-16T11:17:16","modified_gmt":"2019-09-16T15:17:16","slug":"presidentielle-2019-environ-4-millions-delecteurs-se-sont-abstenus","status":"publish","type":"post","link":"https:\/\/linitiative.ca\/International\/presidentielle-2019-environ-4-millions-delecteurs-se-sont-abstenus\/","title":{"rendered":"Pr\u00e9sidentielle 2019 :  Environ 4 millions d\u2019\u00e9lecteurs se sont abstenus"},"content":{"rendered":"<p>Le taux g\u00e9n\u00e9ral de participation \u00e0 l\u2019\u00e9lection pr\u00e9sidentielle anticip\u00e9e a atteint 45.02% \u00e0 l\u2019int\u00e9rieur du pays et 19.7% \u00e0 l\u2019\u00e9tranger, annonce le pr\u00e9sident de l\u2019Instance \u00e9lectorale (ISIE) Nabil Baffoun.<\/p>\n<p>S\u2019exprimant lors d\u2019une conf\u00e9rence de presse au Palais des congr\u00e8s \u00e0 Tunis, Baffoun a fait savoir que sur plus de 7 millions d\u2019inscrits, quelque 3 010 908 \u00e9lecteurs ont exprim\u00e9, dimanche 15 septembre, leurs choix.<\/p>\n<p>Baffoun a fait observer que le taux de participation \u00e0 l\u2019\u00e9tranger est revu \u00e0 la hausse puisque le dernier bureau de vote, \u00e0 San Francisco (Etats-unis) fermera ses portes lundi \u00e0 4h00 du matin (heure locale).<\/p>\n<p>Le taux de participation au scrutin pr\u00e9sidentiel anticip\u00e9 a \u00e9t\u00e9 recens\u00e9 sur 33 circonscriptions \u00e9lectorales r\u00e9parties sur le territoire national (27) et \u00e0 l\u2019\u00e9tranger(6).<\/p>\n<p class=\"dpsp-share-text\">Partager c&rsquo;est aimer!<\/p>\n<div class=\"wp-post-author-wrap wp-post-author-shortcode left\">\n<h3 class=\"awpa-title\"\/>\n<div class=\"wp-post-author\">\n<div class=\"awpa-img awpa-author-block square\"><a href=\"http:\/\/lexpertjournal.net\/fr\/author\/expert\/\"><img loading=\"lazy\" decoding=\"async\" alt=\"\" src=\"http:\/\/2.gravatar.com\/avatar\/56d99be2a6f97af88ccb49fada637fcd?s=150&#038;d=mm&#038;r=g\" srcset=\"http:\/\/2.gravatar.com\/avatar\/56d99be2a6f97af88ccb49fada637fcd?s=300&#038;d=mm&#038;r=g 2x\" class=\"avatar avatar-150 photo\" height=\"150\" width=\"150\"\/><\/a><\/div>\n<\/div>\n<\/div>\n<p>Auteur: L&rsquo;expert<br \/>\n<a href=\"http:\/\/lexpertjournal.net\/fr\/2019\/09\/16\/presidentielle-2019-environ-4-millions-delecteurs-se-sont-abstenus\/\">Cliquez ici pour lire l&rsquo;article depuis sa source.<\/a><\/p>\n","protected":false},"excerpt":{"rendered":"<p>Le taux g\u00e9n\u00e9ral de participation \u00e0 l\u2019\u00e9lection pr\u00e9sidentielle anticip\u00e9e a atteint 45.02% \u00e0 l\u2019int\u00e9rieur du pays et 19.7% \u00e0 l\u2019\u00e9tranger, annonce le pr\u00e9sident de l\u2019Instance \u00e9lectorale (ISIE) Nabil Baffoun. S\u2019exprimant lors d\u2019une conf\u00e9rence de presse au Palais des congr\u00e8s \u00e0 Tunis, Baffoun a fait savoir que sur plus de 7 millions d\u2019inscrits, quelque 3 010 [&hellip;]<\/p>\n","protected":false},"author":1775,"featured_media":0,"comment_status":"closed","ping_status":"closed","sticky":false,"template":"","format":"standard","meta":{"fifu_image_url":"","fifu_image_alt":"","footnotes":""},"categories":[78,55],"tags":[],"class_list":["post-61290","post","type-post","status-publish","format-standard","hentry","category-economie","category-tunisie"],"_links":{"self":[{"href":"https:\/\/linitiative.ca\/International\/wp-json\/wp\/v2\/posts\/61290","targetHints":{"allow":["GET"]}}],"collection":[{"href":"https:\/\/linitiative.ca\/International\/wp-json\/wp\/v2\/posts"}],"about":[{"href":"https:\/\/linitiative.ca\/International\/wp-json\/wp\/v2\/types\/post"}],"author":[{"embeddable":true,"href":"https:\/\/linitiative.ca\/International\/wp-json\/wp\/v2\/users\/1775"}],"replies":[{"embeddable":true,"href":"https:\/\/linitiative.ca\/International\/wp-json\/wp\/v2\/comments?post=61290"}],"version-history":[{"count":0,"href":"https:\/\/linitiative.ca\/International\/wp-json\/wp\/v2\/posts\/61290\/revisions"}],"wp:attachment":[{"href":"https:\/\/linitiative.ca\/International\/wp-json\/wp\/v2\/media?parent=61290"}],"wp:term":[{"taxonomy":"category","embeddable":true,"href":"https:\/\/linitiative.ca\/International\/wp-json\/wp\/v2\/categories?post=61290"},{"taxonomy":"post_tag","embeddable":true,"href":"https:\/\/linitiative.ca\/International\/wp-json\/wp\/v2\/tags?post=61290"}],"curies":[{"name":"wp","href":"https:\/\/api.w.org\/{rel}","templated":true}]}}