{"id":61298,"date":"2019-09-15T16:55:53","date_gmt":"2019-09-15T20:55:53","guid":{"rendered":"https:\/\/linitiative.ca\/International\/achoura-la-troupe-ait-rabaine-a-lhonneur\/"},"modified":"2019-09-15T16:55:53","modified_gmt":"2019-09-15T20:55:53","slug":"achoura-la-troupe-ait-rabaine-a-lhonneur","status":"publish","type":"post","link":"https:\/\/linitiative.ca\/International\/achoura-la-troupe-ait-rabaine-a-lhonneur\/","title":{"rendered":"Achoura : La troupe \u00ab\u00a0Ait Raba\u00eene\u00a0\u00bb \u00e0 l\u2019honneur"},"content":{"rendered":"<div readability=\"36\">\n<p>Marrakech- La 2\u00e8 \u00e9dition des festivit\u00e9s c\u00e9l\u00e9brant Achoura \u00e0 Marrakech s\u2019est cl\u00f4tur\u00e9e samedi soir, avec une soir\u00e9e d\u00e9di\u00e9e \u00e0 \u00ab\u00a0Ait Rabaine\u00a0\u00bb, une troupe cr\u00e9\u00e9e en 1955 pour saluer le retour glorieux du P\u00e8re de la Nation de son exil \u00e0 Madagascar.<\/p>\n<\/div>\n<div readability=\"92\">\n<p>Au c\u0153ur du mythique Palais Badii, cette troupe populaire a gratifi\u00e9 le public par un spectacle grandiose et inoubliable qui t\u00e9moigne de l\u2019amour sans limite des marrakchis pour leur patrimoine immat\u00e9riel.<\/p>\n<p>Le public a afflu\u00e9 en grand nombre pour assister au spectacle d\u00e9montrant ainsi que la troupe Ait Rabaine fait encore vibrer les nostalgiques de l\u2019authentique Daqqa marrakachia.<\/p>\n<p>Depuis sa cr\u00e9ation, cette troupe se composait des meilleurs artistes issus des diff\u00e9rents quartiers, tri\u00e9s sur le volet par notamment Feu Hajj Mohamed Baba et feu Hajj Omar Bihir, les premiers raiss de la troupe.<\/p>\n<p>Pour le ra\u00efss actuel de cette troupe, Abderrazak Baba, \u00ab\u00a0Ait Raba\u00eene\u00a0\u00bb exprime toujours l\u2019esprit patriotique aux yeux du public, une troupe qui s\u2019engage en faveur des grandes pr\u00e9occupations de sa nation, indiquant que cette troupe est une sorte de \u00ab\u00a0s\u00e9lection\u00a0\u00bb des meilleurs artistes de chaque quartier de la cit\u00e9 ocre.<\/p>\n<p>Cette soir\u00e9e \u00e0 laquelle a assist\u00e9 notamment le wali de la r\u00e9gion Marrakech-Safi, Karim Kassi-Lahlou, a \u00e9t\u00e9 marqu\u00e9e par des hommage rendus \u00e0 plusieurs ma\u00e2lems de la daqqa marrakchia issus des diff\u00e9rents quartiers de Marrakech.<\/p>\n<p>Initi\u00e9e par la Fondation Dar Bellarj en collaboration avec la Conservation r\u00e9gionale du patrimoine culturel de Marrakech-Safi et en coordination et le soutien de la Direction r\u00e9gionale de la culture et de la communication (secteur de la culture), cette manifestation culturelle et artistique vise \u00e0 sauvegarder et pr\u00e9server cette tradition ancestrale et \u00e0 renforcer les potentialit\u00e9s artistiques, culturelles et touristiques de la ville \u00e0 travers la valorisation de son patrimoine immat\u00e9riel.<\/p>\n<p>Cette manifestation s\u2019inscrit dans le cadre d\u2019un projet de r\u00e9activation de la f\u00eate de Achoura dans la m\u00e9dina de Marrakech port\u00e9 par la Fondation Dar Bellarj en collaboration avec Awaln\u2019art qui accompagne le d\u00e9veloppement du projet.<\/p>\n<p>Au programme de cette manifestation figurent la parade \u00ab\u00a0Hada Achour Ma\u00e2lina lhkam\u00a0\u00bb \u00e0 Dar Bellarj, l\u2019Ait, une soir\u00e9e Daqqa Marrakchia avec les ma\u00e2lems du Moukef, une exposition \u00ab\u00a0Achoura\u2026 feu de joie\u00a0\u00bb de Noureddine Tilsaghani, des conf\u00e9rences portant sur \u00ab\u00a0Achoura et l\u2019espace public\u00a0\u00bb en partenariat avec le Collectif Madrassa et \u00ab\u00a0Il \u00e9tait une fois\u2026 Achoura\u00a0\u00bb en plus d\u2019une soir\u00e9e de contes et r\u00e9cits d\u2019Achoura avec les conteurs Ahmed Bouzzine et Abdelaaziz Bouyabrine.<\/p>\n<p>Figurent aussi une conf\u00e9rence sous le th\u00e8me \u00ab\u00a0Achoura dans la m\u00e9moire des grands\u00a0\u00bb, qui se veut un voyage \u00e0 travers les souvenirs d\u2019enfances des chercheurs, historiens, r\u00e9alisateurs et artistes charm\u00e9s par Achoura en pr\u00e9sence de Izza Gnenini, Mouhamed Mourabiti, Hamid Triki, Abdellatif Ait Ben Abdallah, et des Ma\u00e2lems Haddioui et Abderrazaq Ben Lmqadem Baba ainsi que la projection du documentaire \u00ab\u00a0Rythmes de Marrakech\u00a0\u00bb de Izza Gennini.<\/p>\n<\/div>\n<p>Auteur: Mohammed KOURSI<br \/>\n<a href=\"http:\/\/www.mapmarrakech.ma\/fr\/achoura-la-troupe-ait-rabaine-a-lhonneur\/\">Cliquez ici pour lire l&rsquo;article depuis sa source.<\/a><\/p>\n","protected":false},"excerpt":{"rendered":"<p>Marrakech- La 2\u00e8 \u00e9dition des festivit\u00e9s c\u00e9l\u00e9brant Achoura \u00e0 Marrakech s\u2019est cl\u00f4tur\u00e9e samedi soir, avec une soir\u00e9e d\u00e9di\u00e9e \u00e0 \u00ab\u00a0Ait Rabaine\u00a0\u00bb, une troupe cr\u00e9\u00e9e en 1955 pour saluer le retour glorieux du P\u00e8re de la Nation de son exil \u00e0 Madagascar. Au c\u0153ur du mythique Palais Badii, cette troupe populaire a gratifi\u00e9 le public par [&hellip;]<\/p>\n","protected":false},"author":1788,"featured_media":0,"comment_status":"closed","ping_status":"closed","sticky":false,"template":"","format":"standard","meta":{"fifu_image_url":"","fifu_image_alt":"","footnotes":""},"categories":[54,76],"tags":[],"class_list":["post-61298","post","type-post","status-publish","format-standard","hentry","category-maroc","category-regions"],"_links":{"self":[{"href":"https:\/\/linitiative.ca\/International\/wp-json\/wp\/v2\/posts\/61298","targetHints":{"allow":["GET"]}}],"collection":[{"href":"https:\/\/linitiative.ca\/International\/wp-json\/wp\/v2\/posts"}],"about":[{"href":"https:\/\/linitiative.ca\/International\/wp-json\/wp\/v2\/types\/post"}],"author":[{"embeddable":true,"href":"https:\/\/linitiative.ca\/International\/wp-json\/wp\/v2\/users\/1788"}],"replies":[{"embeddable":true,"href":"https:\/\/linitiative.ca\/International\/wp-json\/wp\/v2\/comments?post=61298"}],"version-history":[{"count":0,"href":"https:\/\/linitiative.ca\/International\/wp-json\/wp\/v2\/posts\/61298\/revisions"}],"wp:attachment":[{"href":"https:\/\/linitiative.ca\/International\/wp-json\/wp\/v2\/media?parent=61298"}],"wp:term":[{"taxonomy":"category","embeddable":true,"href":"https:\/\/linitiative.ca\/International\/wp-json\/wp\/v2\/categories?post=61298"},{"taxonomy":"post_tag","embeddable":true,"href":"https:\/\/linitiative.ca\/International\/wp-json\/wp\/v2\/tags?post=61298"}],"curies":[{"name":"wp","href":"https:\/\/api.w.org\/{rel}","templated":true}]}}