{"id":61299,"date":"2019-09-16T08:48:39","date_gmt":"2019-09-16T12:48:39","guid":{"rendered":"https:\/\/linitiative.ca\/International\/valorisation-de-la-medina-appel-a-plus-de-coordination\/"},"modified":"2019-09-16T08:48:39","modified_gmt":"2019-09-16T12:48:39","slug":"valorisation-de-la-medina-appel-a-plus-de-coordination","status":"publish","type":"post","link":"https:\/\/linitiative.ca\/International\/valorisation-de-la-medina-appel-a-plus-de-coordination\/","title":{"rendered":"Valorisation de la M\u00e9dina: Appel \u00e0 plus de coordination"},"content":{"rendered":"<div class=\"single-featured\"><img alt=\"\" data-src=\"http:\/\/www.mapmarrakech.ma\/map\/uploads\/2019\/09\/visites-terrain-wali.jpg\"\/><\/div>\n<div class=\"single-post-excerpt post-excerpt-bc\" readability=\"39\">\n<p>Marrakech- Le wali de la r\u00e9gion Marrakech-Safi, M. Karim Kassi-Lahlou, a appel\u00e9, samedi, \u00e0 cr\u00e9er les conditions optimales pour davantage de coordination entre les services concern\u00e9s par les programmes de mise en valeur de l\u2019ancienne m\u00e9dina de Marrakech dans le cadre d\u2019une approche participative avec les habitants.<\/p>\n<\/div>\n<div class=\"entry-content clearfix single-post-content\" readability=\"56\">\n<p>M. Kassi-Lahlou, qui effectuait une visite de terrain aux diff\u00e9rents chantiers de mise en valeur et de mise \u00e0 niveau de l\u2019ancienne m\u00e9dina deMarrakechlanc\u00e9s par SM le Roi Mohammed VI, a appel\u00e9 tous les intervenants \u00e0 \u00ab\u00a0faire preuve de responsabilit\u00e9\u00a0\u00bb pour assurer la r\u00e9ussite de ce chantier Royal visant \u00e0 pr\u00e9server le cachet architectural de la cit\u00e9 ocre et am\u00e9liorer les conditions de vie de ses habitants.<\/p>\n<p>Le wali a aussi mis l\u2019accent sur la n\u00e9cessit\u00e9 de respecter les d\u00e9lais impartis ainsi que les normes architecturales authentiques lors de la r\u00e9alisation de ces projets.<\/p>\n<p>Cette visite de terrain a constitu\u00e9 une occasion pour \u00e9couter les interactions des citoyens avec ces programmes de d\u00e9veloppement et pour s\u2019enqu\u00e9rir de leurs impacts directs et positifs sur les populations.<\/p>\n<p>Les projets visit\u00e9s par M. Kassi-Lahlou, qui \u00e9tait accompagn\u00e9 du secr\u00e9taire g\u00e9n\u00e9ral de la wilaya, les autorit\u00e9s locales et les chefs de services ext\u00e9rieurs (la direction r\u00e9gionale de l\u2019Habitat et de la politique de la ville, l\u2019Agence urbaine, le Groupe Al Omrane, la D\u00e9l\u00e9gation des affaires islamiques et la R\u00e9gie autonome de distribution de l\u2019eau et de l\u2019\u00e9lectricit\u00e9 de\u00a0Marrakech),\u00a0rentrent dans le cadre du programme \u00ab\u00a0Marrakech\u00a0cit\u00e9 du renouveau permanent\u00a0\u00bb, \u00ab\u00a0programme de restauration et de mise en valeur des circuits touristiques et spirituels de l\u2019ancienne M\u00e9dina de\u00a0Marrakech\u00a0\u00bb et \u00ab\u00a0programme de mise en valeur de l\u2019ancienne m\u00e9dina de\u00a0Marrakech\u00a0\u00bb.<\/p>\n<\/div>\n<p>Auteur: Mohammed KOURSI<br \/>\n<a href=\"http:\/\/www.mapmarrakech.ma\/fr\/valorisation-de-la-medina-appel-a-plus-de-coordination\/\">Cliquez ici pour lire l&rsquo;article depuis sa source.<\/a><\/p>\n","protected":false},"excerpt":{"rendered":"<p>Marrakech- Le wali de la r\u00e9gion Marrakech-Safi, M. Karim Kassi-Lahlou, a appel\u00e9, samedi, \u00e0 cr\u00e9er les conditions optimales pour davantage de coordination entre les services concern\u00e9s par les programmes de mise en valeur de l\u2019ancienne m\u00e9dina de Marrakech dans le cadre d\u2019une approche participative avec les habitants. M. Kassi-Lahlou, qui effectuait une visite de terrain [&hellip;]<\/p>\n","protected":false},"author":1788,"featured_media":61300,"comment_status":"closed","ping_status":"closed","sticky":false,"template":"","format":"standard","meta":{"fifu_image_url":"","fifu_image_alt":"","footnotes":""},"categories":[54,76],"tags":[],"class_list":["post-61299","post","type-post","status-publish","format-standard","has-post-thumbnail","hentry","category-maroc","category-regions"],"_links":{"self":[{"href":"https:\/\/linitiative.ca\/International\/wp-json\/wp\/v2\/posts\/61299","targetHints":{"allow":["GET"]}}],"collection":[{"href":"https:\/\/linitiative.ca\/International\/wp-json\/wp\/v2\/posts"}],"about":[{"href":"https:\/\/linitiative.ca\/International\/wp-json\/wp\/v2\/types\/post"}],"author":[{"embeddable":true,"href":"https:\/\/linitiative.ca\/International\/wp-json\/wp\/v2\/users\/1788"}],"replies":[{"embeddable":true,"href":"https:\/\/linitiative.ca\/International\/wp-json\/wp\/v2\/comments?post=61299"}],"version-history":[{"count":0,"href":"https:\/\/linitiative.ca\/International\/wp-json\/wp\/v2\/posts\/61299\/revisions"}],"wp:featuredmedia":[{"embeddable":true,"href":"https:\/\/linitiative.ca\/International\/wp-json\/"}],"wp:attachment":[{"href":"https:\/\/linitiative.ca\/International\/wp-json\/wp\/v2\/media?parent=61299"}],"wp:term":[{"taxonomy":"category","embeddable":true,"href":"https:\/\/linitiative.ca\/International\/wp-json\/wp\/v2\/categories?post=61299"},{"taxonomy":"post_tag","embeddable":true,"href":"https:\/\/linitiative.ca\/International\/wp-json\/wp\/v2\/tags?post=61299"}],"curies":[{"name":"wp","href":"https:\/\/api.w.org\/{rel}","templated":true}]}}