{"id":61301,"date":"2019-09-16T09:13:37","date_gmt":"2019-09-16T13:13:37","guid":{"rendered":"https:\/\/linitiative.ca\/International\/rentree-scolaire-examen-des-mesures-daccompagnement\/"},"modified":"2019-09-16T09:13:37","modified_gmt":"2019-09-16T13:13:37","slug":"rentree-scolaire-examen-des-mesures-daccompagnement","status":"publish","type":"post","link":"https:\/\/linitiative.ca\/International\/rentree-scolaire-examen-des-mesures-daccompagnement\/","title":{"rendered":"Rentr\u00e9e scolaire: Examen des mesures d\u2019accompagnement"},"content":{"rendered":"<div class=\"single-featured\"><img alt=\"\" data-src=\"http:\/\/www.mapmarrakech.ma\/map\/uploads\/2019\/09\/r\u00e9union-rentr\u00e9e-socolaire.jpg\"\/><\/div>\n<div class=\"single-post-excerpt post-excerpt-bc\" readability=\"37\">\n<p>Marrakech- Une r\u00e9union de coordination a \u00e9t\u00e9 tenue, samedi dernier, au si\u00e8ge de la wilaya de Marrakech-Safi, consacr\u00e9e \u00e0 l\u2019examen des mesures prises pour accompagner la rentr\u00e9e scolaire et universitaire 2019-2020.<\/p>\n<\/div>\n<div class=\"entry-content clearfix single-post-content\" readability=\"64\">\n<p>Cette r\u00e9union pr\u00e9sid\u00e9e par le wali de la r\u00e9gion\u00a0Marrakech-Safi, gouverneur de la pr\u00e9fecture de\u00a0Marrakech, Karim Kassi-Lahlou, a offert l\u2019opportunit\u00e9 pour passer en revue le bilan des mesures prises pour garantir la r\u00e9ussite de l\u2019actuelle rentr\u00e9e scolaire et universitaire, et examiner les perspectives et moyens \u00e0 m\u00eame de promouvoir la qualit\u00e9 des secteurs de l\u2019\u00e9ducation et de la formation.<\/p>\n<p>S\u2019exprimant \u00e0 cette occasion, M. Kassi-Lahlou a tenu \u00e0 rappeler la Haute sollicitude dont SM le Roi Mohammed VI ne cesse d\u2019entourer le secteur de l\u2019\u00e9ducation et de la formation.<\/p>\n<p>M. Kassi-Lahlou a appel\u00e9 \u00e0 redoubler d\u2019efforts dans le cadre d\u2019une approche participative afin de promouvoir la qualit\u00e9 du syst\u00e8me d\u2019\u00e9ducation et de formation et la recherche scientifique en tant que pr\u00e9lude essentiel pour gagner le pari du d\u00e9veloppement global et durable, relevant que l\u2019atteinte de ces objectifs n\u00e9cessite la f\u00e9d\u00e9ration des efforts de toutes les composantes du syst\u00e8me afin de garantir une \u00e9ducation de qualit\u00e9 aux g\u00e9n\u00e9rations montantes et la formation et la qualification des citoyens de demain.<\/p>\n<p>Cette r\u00e9union s\u2019est d\u00e9roul\u00e9e en pr\u00e9sence du secr\u00e9taire g\u00e9n\u00e9ral de la wilaya, le pr\u00e9sident de l\u2019universit\u00e9 Cadi Ayyad (UCA) de\u00a0Marrakech, les doyens des facult\u00e9s et directeurs des \u00e9tablissements universitaires relevant de l\u2019UCA, le directeur de l\u2019Acad\u00e9mie r\u00e9gionale d\u2019\u00e9ducation et de formation (AREF) de\u00a0Marrakech-Safi, le directeur provincial de l\u2019\u00e9ducation nationale ainsi que les chefs des services ext\u00e9rieurs et les chefs des services s\u00e9curitaires.<\/p>\n<p>A rappeler que M. Kassi-Lahlou a effectu\u00e9 au cours de cette rentr\u00e9e scolaire, des visites de terrain \u00e0 plusieurs \u00e9tablissements scolaires en milieux urbain, p\u00e9riurbain et rural de la pr\u00e9fecture de\u00a0Marrakech.<\/p>\n<\/div>\n<p>Auteur: Mohammed KOURSI<br \/>\n<a href=\"http:\/\/www.mapmarrakech.ma\/fr\/rentree-scolaire-examen-des-mesures-daccompagnement\/\">Cliquez ici pour lire l&rsquo;article depuis sa source.<\/a><\/p>\n","protected":false},"excerpt":{"rendered":"<p>Marrakech- Une r\u00e9union de coordination a \u00e9t\u00e9 tenue, samedi dernier, au si\u00e8ge de la wilaya de Marrakech-Safi, consacr\u00e9e \u00e0 l\u2019examen des mesures prises pour accompagner la rentr\u00e9e scolaire et universitaire 2019-2020. Cette r\u00e9union pr\u00e9sid\u00e9e par le wali de la r\u00e9gion\u00a0Marrakech-Safi, gouverneur de la pr\u00e9fecture de\u00a0Marrakech, Karim Kassi-Lahlou, a offert l\u2019opportunit\u00e9 pour passer en revue le [&hellip;]<\/p>\n","protected":false},"author":1788,"featured_media":61302,"comment_status":"closed","ping_status":"closed","sticky":false,"template":"","format":"standard","meta":{"fifu_image_url":"","fifu_image_alt":"","footnotes":""},"categories":[54,76],"tags":[],"class_list":["post-61301","post","type-post","status-publish","format-standard","has-post-thumbnail","hentry","category-maroc","category-regions"],"_links":{"self":[{"href":"https:\/\/linitiative.ca\/International\/wp-json\/wp\/v2\/posts\/61301","targetHints":{"allow":["GET"]}}],"collection":[{"href":"https:\/\/linitiative.ca\/International\/wp-json\/wp\/v2\/posts"}],"about":[{"href":"https:\/\/linitiative.ca\/International\/wp-json\/wp\/v2\/types\/post"}],"author":[{"embeddable":true,"href":"https:\/\/linitiative.ca\/International\/wp-json\/wp\/v2\/users\/1788"}],"replies":[{"embeddable":true,"href":"https:\/\/linitiative.ca\/International\/wp-json\/wp\/v2\/comments?post=61301"}],"version-history":[{"count":0,"href":"https:\/\/linitiative.ca\/International\/wp-json\/wp\/v2\/posts\/61301\/revisions"}],"wp:featuredmedia":[{"embeddable":true,"href":"https:\/\/linitiative.ca\/International\/wp-json\/"}],"wp:attachment":[{"href":"https:\/\/linitiative.ca\/International\/wp-json\/wp\/v2\/media?parent=61301"}],"wp:term":[{"taxonomy":"category","embeddable":true,"href":"https:\/\/linitiative.ca\/International\/wp-json\/wp\/v2\/categories?post=61301"},{"taxonomy":"post_tag","embeddable":true,"href":"https:\/\/linitiative.ca\/International\/wp-json\/wp\/v2\/tags?post=61301"}],"curies":[{"name":"wp","href":"https:\/\/api.w.org\/{rel}","templated":true}]}}