{"id":61310,"date":"2019-09-16T15:14:26","date_gmt":"2019-09-16T19:14:26","guid":{"rendered":"https:\/\/linitiative.ca\/International\/ligue-des-champions-barca-messi-de-retour-face-a-dortmund\/"},"modified":"2019-09-16T15:14:26","modified_gmt":"2019-09-16T19:14:26","slug":"ligue-des-champions-barca-messi-de-retour-face-a-dortmund","status":"publish","type":"post","link":"https:\/\/linitiative.ca\/International\/ligue-des-champions-barca-messi-de-retour-face-a-dortmund\/","title":{"rendered":"Ligue des Champions : Bar\u00e7a : Messi de retour face \u00e0 Dortmund !"},"content":{"rendered":"<div readability=\"32\">\n<p>Auteur : <span class=\"time\">lundi 16 septembre 2019 13:31<\/span><\/p>\n<\/div>\n<div id=\"post_core\" readability=\"40\">\n<p>Et le club catalan vient de d\u00e9voiler la liste des joueurs s\u00e9lectionn\u00e9s pour cette premi\u00e8re journ\u00e9e de la phase de poule du groupe F.<\/p>\n<p>Comme l&rsquo;indique Footmercato, Ernesto Valverde a convoqu\u00e9 22 joueurs pour cette rencontre. \u00c0 noter le retour officiel de Lionel Messi dans le groupe alors qu\u2019il n\u2019a toujours pas jou\u00e9 cette saison avec le Bar\u00e7a \u00e0 cause d\u2019une blessure \u00e0 la cuisse :<\/p>\n<p><img decoding=\"async\" alt=\"\" src=\"https:\/\/pbs.twimg.com\/media\/EElaITwXoAEgJAx.jpg\" class=\"c1\"\/><\/p>\n<p><strong>Publi\u00e9 dans :<\/strong> <span>fc barcelone<\/span><\/p>\n<\/div>\n<p>Auteur:<br \/>\n<a href=\"http:\/\/www.lebuteur.com\/article\/detail?titre=barca-messi-de-retour-face-a-dortmund&#038;id=91713&#038;utm_source=feedburner&#038;utm_medium=feed&#038;utm_campaign=Feed%3A+GalerieFArtciles+%28Les+derniers+articles++-+lebuteur.com%29\">Cliquez ici pour lire l&rsquo;article depuis sa source.<\/a><\/p>\n","protected":false},"excerpt":{"rendered":"<p>Auteur : lundi 16 septembre 2019 13:31 Et le club catalan vient de d\u00e9voiler la liste des joueurs s\u00e9lectionn\u00e9s pour cette premi\u00e8re journ\u00e9e de la phase de poule du groupe F. Comme l&rsquo;indique Footmercato, Ernesto Valverde a convoqu\u00e9 22 joueurs pour cette rencontre. \u00c0 noter le retour officiel de Lionel Messi dans le groupe alors [&hellip;]<\/p>\n","protected":false},"author":1738,"featured_media":61311,"comment_status":"closed","ping_status":"closed","sticky":false,"template":"","format":"standard","meta":{"fifu_image_url":"","fifu_image_alt":"","footnotes":""},"categories":[53,75],"tags":[],"class_list":["post-61310","post","type-post","status-publish","format-standard","has-post-thumbnail","hentry","category-algerie","category-sport"],"_links":{"self":[{"href":"https:\/\/linitiative.ca\/International\/wp-json\/wp\/v2\/posts\/61310","targetHints":{"allow":["GET"]}}],"collection":[{"href":"https:\/\/linitiative.ca\/International\/wp-json\/wp\/v2\/posts"}],"about":[{"href":"https:\/\/linitiative.ca\/International\/wp-json\/wp\/v2\/types\/post"}],"author":[{"embeddable":true,"href":"https:\/\/linitiative.ca\/International\/wp-json\/wp\/v2\/users\/1738"}],"replies":[{"embeddable":true,"href":"https:\/\/linitiative.ca\/International\/wp-json\/wp\/v2\/comments?post=61310"}],"version-history":[{"count":0,"href":"https:\/\/linitiative.ca\/International\/wp-json\/wp\/v2\/posts\/61310\/revisions"}],"wp:featuredmedia":[{"embeddable":true,"href":"https:\/\/linitiative.ca\/International\/wp-json\/"}],"wp:attachment":[{"href":"https:\/\/linitiative.ca\/International\/wp-json\/wp\/v2\/media?parent=61310"}],"wp:term":[{"taxonomy":"category","embeddable":true,"href":"https:\/\/linitiative.ca\/International\/wp-json\/wp\/v2\/categories?post=61310"},{"taxonomy":"post_tag","embeddable":true,"href":"https:\/\/linitiative.ca\/International\/wp-json\/wp\/v2\/tags?post=61310"}],"curies":[{"name":"wp","href":"https:\/\/api.w.org\/{rel}","templated":true}]}}