{"id":61312,"date":"2019-09-16T15:14:29","date_gmt":"2019-09-16T19:14:29","guid":{"rendered":"https:\/\/linitiative.ca\/International\/equipe-dalgerie-en-des-locaux-24-joueurs-convoques-pour-le-match-face-au-maroc\/"},"modified":"2019-09-16T15:14:29","modified_gmt":"2019-09-16T19:14:29","slug":"equipe-dalgerie-en-des-locaux-24-joueurs-convoques-pour-le-match-face-au-maroc","status":"publish","type":"post","link":"https:\/\/linitiative.ca\/International\/equipe-dalgerie-en-des-locaux-24-joueurs-convoques-pour-le-match-face-au-maroc\/","title":{"rendered":"Equipe d&rsquo;Alg\u00e9rie : EN des locaux: 24 joueurs convoqu\u00e9s pour le match face au Maroc"},"content":{"rendered":"<div readability=\"32\">\n<p>Auteur : <span class=\"time\">lundi 16 septembre 2019 14:14<\/span><\/p>\n<\/div>\n<div id=\"post_core\" readability=\"35\">\n<p>Le staff technique de l&rsquo;\u00e9quipe nationale a convoqu\u00e9 24 joueurs pour le match d\u00e9cisif de qualification au CHAN 2019 face au Maroc le 21 septembre \u00e0 19H15 au stade Mustapha Tchaker de Blida.<\/p>\n<p><u><strong>Gardiens:<\/strong><\/u><\/p>\n<p>Gaya Merbah (CRB)<\/p>\n<p>Benbot Oussama (JSK)<\/p>\n<p>Zakariya Helfaya (CABBA)<\/p>\n<p><u><strong>D\u00e9fenseurs :<\/strong><\/u><\/p>\n<p>Walid Allati (MCA)<\/p>\n<p>Redouane Ch\u00e9rifi (USMA)<\/p>\n<p>Nabil Laamara (MCA)<\/p>\n<p>Farouk Chafa\u00ef (MCA)<\/p>\n<p>Sofiane Bouchar (CRB)<\/p>\n<p>Mustapha Bouchina (PAC)<\/p>\n<p>Islam Chahrour (CSC)<\/p>\n<p>Houcine Benayada (CSC)<\/p>\n<p><u><strong>Milieux :<\/strong><\/u><\/p>\n<p>Miloud Rebiai (MCA)<\/p>\n<p>Toufik Addadi (JSK)<\/p>\n<p>Adem Zorgane (PAC)<\/p>\n<p>Kamel Belarbi (USMA)<\/p>\n<p>Sofiane Bendebka (MCA)<\/p>\n<p>Amir Sayoud (CRB)<\/p>\n<p><u><strong>Attaquants :<\/strong><\/u><\/p>\n<p>Houssam Guecha (ESS)<\/p>\n<p>Riad Benayad (PAC)<\/p>\n<p>Habib Bouguelmouna (ESS)<\/p>\n<p>Reda Bensayad (JSK)<\/p>\n<p>Rezki Hamroune (JSK)<\/p>\n<p>Ismail Belkacemi (CSC)<\/p>\n<p>Zakaria Bencha\u00e2 (USMA)<\/p>\n<p><img decoding=\"async\" alt=\"\" src=\"https:\/\/scontent-mrs2-2.xx.fbcdn.net\/v\/t1.0-9\/70732687_2422745761382911_3378684101262311424_n.jpg?_nc_cat=105&#038;_nc_oc=AQmmsnP7SSSJxKGoFF6EcI5dFt14Ys1rU_vSLLgJS3mExzyp-t7FhV0XEWgnYmgvxhQ&#038;_nc_ht=scontent-mrs2-2.xx&#038;oh=e12e8b5f036a0b8d8e99dc55b49d9a74&#038;oe=5E372148\" class=\"c1\"\/><\/p>\n<p><strong>Publi\u00e9 dans :<\/strong> <span>EN des locaux<\/span><\/p>\n<\/div>\n<p>Auteur:<br \/>\n<a href=\"http:\/\/www.lebuteur.com\/article\/detail?titre=en-des-locaux-24-joueurs-convoques-pour-le-match-face-au-maroc&#038;id=91714&#038;utm_source=feedburner&#038;utm_medium=feed&#038;utm_campaign=Feed%3A+GalerieFArtciles+%28Les+derniers+articles++-+lebuteur.com%29\">Cliquez ici pour lire l&rsquo;article depuis sa source.<\/a><\/p>\n","protected":false},"excerpt":{"rendered":"<p>Auteur : lundi 16 septembre 2019 14:14 Le staff technique de l&rsquo;\u00e9quipe nationale a convoqu\u00e9 24 joueurs pour le match d\u00e9cisif de qualification au CHAN 2019 face au Maroc le 21 septembre \u00e0 19H15 au stade Mustapha Tchaker de Blida. Gardiens: Gaya Merbah (CRB) Benbot Oussama (JSK) Zakariya Helfaya (CABBA) D\u00e9fenseurs : Walid Allati (MCA) [&hellip;]<\/p>\n","protected":false},"author":1738,"featured_media":0,"comment_status":"closed","ping_status":"closed","sticky":false,"template":"","format":"standard","meta":{"fifu_image_url":"","fifu_image_alt":"","footnotes":""},"categories":[53,75],"tags":[],"class_list":["post-61312","post","type-post","status-publish","format-standard","hentry","category-algerie","category-sport"],"_links":{"self":[{"href":"https:\/\/linitiative.ca\/International\/wp-json\/wp\/v2\/posts\/61312","targetHints":{"allow":["GET"]}}],"collection":[{"href":"https:\/\/linitiative.ca\/International\/wp-json\/wp\/v2\/posts"}],"about":[{"href":"https:\/\/linitiative.ca\/International\/wp-json\/wp\/v2\/types\/post"}],"author":[{"embeddable":true,"href":"https:\/\/linitiative.ca\/International\/wp-json\/wp\/v2\/users\/1738"}],"replies":[{"embeddable":true,"href":"https:\/\/linitiative.ca\/International\/wp-json\/wp\/v2\/comments?post=61312"}],"version-history":[{"count":0,"href":"https:\/\/linitiative.ca\/International\/wp-json\/wp\/v2\/posts\/61312\/revisions"}],"wp:attachment":[{"href":"https:\/\/linitiative.ca\/International\/wp-json\/wp\/v2\/media?parent=61312"}],"wp:term":[{"taxonomy":"category","embeddable":true,"href":"https:\/\/linitiative.ca\/International\/wp-json\/wp\/v2\/categories?post=61312"},{"taxonomy":"post_tag","embeddable":true,"href":"https:\/\/linitiative.ca\/International\/wp-json\/wp\/v2\/tags?post=61312"}],"curies":[{"name":"wp","href":"https:\/\/api.w.org\/{rel}","templated":true}]}}