{"id":61315,"date":"2019-09-16T15:14:31","date_gmt":"2019-09-16T19:14:31","guid":{"rendered":"https:\/\/linitiative.ca\/International\/pros-asse-pierre-menes-pointe-du-doigt-boudebouz\/"},"modified":"2019-09-16T15:14:31","modified_gmt":"2019-09-16T19:14:31","slug":"pros-asse-pierre-menes-pointe-du-doigt-boudebouz","status":"publish","type":"post","link":"https:\/\/linitiative.ca\/International\/pros-asse-pierre-menes-pointe-du-doigt-boudebouz\/","title":{"rendered":"Pros : ASSE : Pierre M\u00e9n\u00e8s pointe du doigt Boudebouz !"},"content":{"rendered":"<div readability=\"32\">\n<p>Auteur : <span class=\"time\">lundi 16 septembre 2019 19:28<\/span><\/p>\n<\/div>\n<div id=\"post_core\" readability=\"45\">\n<p>Tenue en \u00e9chec \u00e0 domicile par le Toulouse FC dimanche apr\u00e8s-midi (2-2), l\u2019ASSE n\u2019a plus gagn\u00e9 en Ligue 1 depuis la 1\u00e8re journ\u00e9e, le 10 ao\u00fbt dernier (\u00e0 Dijon, 2-1). Depuis, la formation de Ghislain Printant a comptabilis\u00e9 deux matchs nuls et deux d\u00e9faites et peine \u00e0 se montrer convaincantes dans le jeu. Sur son blog, Pierre M\u00e9n\u00e8s a analys\u00e9 la prestation de l\u2019ASSE et a notamment point\u00e9 du doigt Ryad Boudebouz et Wahbi Khazri: \u00abIl a fallu un but magnifique d\u2019Hamouma &#8211; contr\u00f4le orient\u00e9 parfait et frappe enroul\u00e9e &#8211; pour remettre les Verts sur les bons rails avant le repos, avant que les joueurs de Gasset \u00e9galisent en seconde p\u00e9riode, toujours par Hamouma (\u2026) Au final, ce nul 2-2 reste un bon r\u00e9sultat pour Toulouse et un mauvais pour Saint\u00e9, qui semble toujours aussi court physiquement, \u00e0 l\u2019image de Boudebouz et Khazri.\u00bb l\u00e2che Pierre M\u00e9n\u00e8s comme rapport\u00e9 par Le 10 Sport.<\/p>\n<p><strong>Publi\u00e9 dans :<\/strong> <span>boudebouz<\/span><\/p>\n<\/div>\n<p>Auteur:<br \/>\n<a href=\"http:\/\/www.lebuteur.com\/article\/detail?titre=asse-pierre-menes-pointe-du-doigt-boudebouz&#038;id=91716&#038;utm_source=feedburner&#038;utm_medium=feed&#038;utm_campaign=Feed%3A+GalerieFArtciles+%28Les+derniers+articles++-+lebuteur.com%29\">Cliquez ici pour lire l&rsquo;article depuis sa source.<\/a><\/p>\n","protected":false},"excerpt":{"rendered":"<p>Auteur : lundi 16 septembre 2019 19:28 Tenue en \u00e9chec \u00e0 domicile par le Toulouse FC dimanche apr\u00e8s-midi (2-2), l\u2019ASSE n\u2019a plus gagn\u00e9 en Ligue 1 depuis la 1\u00e8re journ\u00e9e, le 10 ao\u00fbt dernier (\u00e0 Dijon, 2-1). Depuis, la formation de Ghislain Printant a comptabilis\u00e9 deux matchs nuls et deux d\u00e9faites et peine \u00e0 se [&hellip;]<\/p>\n","protected":false},"author":1738,"featured_media":61316,"comment_status":"closed","ping_status":"closed","sticky":false,"template":"","format":"standard","meta":{"fifu_image_url":"","fifu_image_alt":"","footnotes":""},"categories":[53,75],"tags":[],"class_list":["post-61315","post","type-post","status-publish","format-standard","has-post-thumbnail","hentry","category-algerie","category-sport"],"_links":{"self":[{"href":"https:\/\/linitiative.ca\/International\/wp-json\/wp\/v2\/posts\/61315","targetHints":{"allow":["GET"]}}],"collection":[{"href":"https:\/\/linitiative.ca\/International\/wp-json\/wp\/v2\/posts"}],"about":[{"href":"https:\/\/linitiative.ca\/International\/wp-json\/wp\/v2\/types\/post"}],"author":[{"embeddable":true,"href":"https:\/\/linitiative.ca\/International\/wp-json\/wp\/v2\/users\/1738"}],"replies":[{"embeddable":true,"href":"https:\/\/linitiative.ca\/International\/wp-json\/wp\/v2\/comments?post=61315"}],"version-history":[{"count":0,"href":"https:\/\/linitiative.ca\/International\/wp-json\/wp\/v2\/posts\/61315\/revisions"}],"wp:featuredmedia":[{"embeddable":true,"href":"https:\/\/linitiative.ca\/International\/wp-json\/"}],"wp:attachment":[{"href":"https:\/\/linitiative.ca\/International\/wp-json\/wp\/v2\/media?parent=61315"}],"wp:term":[{"taxonomy":"category","embeddable":true,"href":"https:\/\/linitiative.ca\/International\/wp-json\/wp\/v2\/categories?post=61315"},{"taxonomy":"post_tag","embeddable":true,"href":"https:\/\/linitiative.ca\/International\/wp-json\/wp\/v2\/tags?post=61315"}],"curies":[{"name":"wp","href":"https:\/\/api.w.org\/{rel}","templated":true}]}}