{"id":61317,"date":"2019-09-15T20:00:00","date_gmt":"2019-09-16T00:00:00","guid":{"rendered":"https:\/\/linitiative.ca\/International\/le-chef-de-letat-convoque-le-corps-electoral-pour-la-presidentielle-qui-aura-lieu-le-12-decembre\/"},"modified":"2019-09-15T20:00:00","modified_gmt":"2019-09-16T00:00:00","slug":"le-chef-de-letat-convoque-le-corps-electoral-pour-la-presidentielle-qui-aura-lieu-le-12-decembre","status":"publish","type":"post","link":"https:\/\/linitiative.ca\/International\/le-chef-de-letat-convoque-le-corps-electoral-pour-la-presidentielle-qui-aura-lieu-le-12-decembre\/","title":{"rendered":"Le chef de l\u2019\u00e9tat convoque le corps \u00e9lectoral pour la pr\u00e9sidentielle qui aura lieu le 12 d\u00e9cembre"},"content":{"rendered":"<p><strong>\u00ab Faire de ce rendez-vous le point de d\u00e9part du processus de renouveau de notre Nation. \u00bb<\/strong><\/p>\n<p><strong>\u00ab \u0152uvrer, massivement et fortement, \u00e0 la r\u00e9ussite de cette \u00e9ch\u00e9ance \u00e9lectorale. \u00bb<\/strong><\/p>\n<p><strong>\u00ab Cette \u00e9lection constituera une occasion sans pr\u00e9c\u00e9dent pour instaurer la confiance et consolider la pratique<\/strong><strong>\u00a0d\u00e9mocratique. \u00bb<\/strong><\/p>\n<p><strong>Sentiments de consid\u00e9ration et de reconnaissance aux \u00e9l\u00e9ments de l&rsquo;Arm\u00e9e nationale populaire (ANP).<\/strong><\/p>\n<p>\u00abAu nom d\u2019Allah, Le Cl\u00e9ment, Le Mis\u00e9ricordieux, Pri\u00e8re et paix sur Son vertueux messager, Sa sainte famille et ses compagnons jusqu\u2019au Jour du Jugement dernier,\u00a0<\/p>\n<div readability=\"227\">\n<p>Ch\u00e8res concitoyennes, Chers concitoyens,\u00a0<\/p>\n<p>Depuis que les imp\u00e9ratifs du devoir national m\u2019ont amen\u00e9 \u00e0 assumer la charge de Chef de l\u2019\u00c9tat, je n\u2019ai cess\u00e9 de souligner l&rsquo;imp\u00e9ratif d&rsquo;\u0153uvrer \u00abensemble\u00bb \u00e0 trouver des solutions qui nous permettraient de transcender les \u00e9cueils de l\u2019\u00e9tape cruciale que traverse notre pays et de construire les consensus n\u00e9cessaires \u00e0 la tenue d\u2019une \u00e9lection pr\u00e9sidentielle, r\u00e9unissant les conditions d\u2019impartialit\u00e9 et de transparence. Cette \u00e9lection a \u00e9t\u00e9, pour moi, d\u00e8s le d\u00e9but, un objectif strat\u00e9gique national, non seulement parce que c\u2019est la mission qui m\u2019est assign\u00e9e par la Constitution et confirm\u00e9e par l\u2019avis du Conseil constitutionnel, du 29 juin 2019, mais surtout parce qu&rsquo;elle est la seule et unique solution d\u00e9mocratique viable. La solution \u00e0 m\u00eame de vous donner, Mesdames et Messieurs, la parole pour choisir, librement et souverainement, la personnalit\u00e9 qui vous para\u00eet la plus apte \u00e0 mener le changement auquel vous aspirez et \u00e0 mettre en place un nouveau syst\u00e8me de gouvernance qui r\u00e9pond \u00e0 vos aspirations pressentes. C&rsquo;est ainsi que je m&rsquo;\u00e9tais engag\u00e9 devant vous de r\u00e9unir toutes les conditions ad\u00e9quates \u00e0 l\u2019organisation d\u2019un scrutin pr\u00e9sidentiel pr\u00e9sentant toutes les garanties de transparence, de r\u00e9gularit\u00e9 et de probit\u00e9. Un objectif pour la r\u00e9alisation duquel, j\u2019avais invit\u00e9 la classe politique, les personnalit\u00e9s nationales et les composantes de la soci\u00e9t\u00e9 civile \u00e0 adh\u00e9rer \u00e0 un dialogue inclusif en vue de formuler des solutions consensuelles sur l&rsquo;ensemble des aspects aff\u00e9rents \u00e0 la prochaine \u00e9lection pr\u00e9sidentielle. Dieu merci, le message de sagesse et du devoir national, que j\u2019ai lanc\u00e9, a \u00e9t\u00e9 favorablement accueilli par des pans entiers de la soci\u00e9t\u00e9 et le processus du dialogue engag\u00e9 gr\u00e2ce aux efforts d\u00e9vou\u00e9s de personnalit\u00e9s int\u00e8gres et ind\u00e9pendantes, qui ont pris librement l&rsquo;initiative de s\u2019organiser et d&rsquo;assurer la conduite du dialogue politique qu&rsquo;a connu la sc\u00e8ne politique nationale. En effet, ces Personnalit\u00e9s nationales ont men\u00e9 un tr\u00e8s large processus de concertation qui a permis aux responsables de plusieurs partis politiques et \u00e0 un nombre important de personnalit\u00e9s et repr\u00e9sentants de la soci\u00e9t\u00e9 civile et du mouvement populaire de discuter et de d\u00e9battre, librement, des conditions politiques, juridiques et institutionnelle \u00e0 r\u00e9unir pour conf\u00e9rer une cr\u00e9dibilit\u00e9 au prochain scrutin pr\u00e9sidentiel.\u00a0<\/p>\n<p>Ch\u00e8res concitoyennes, Chers concitoyens,\u00a0<\/p>\n<p>L\u2019Instance en question m\u2019a communiqu\u00e9, r\u00e9cemment, les conclusions de ses consultations et pr\u00e9sent\u00e9 ses propositions et recommandations consensuelles, notamment celles relatives au r\u00e9gime \u00e9lectoral et \u00e0 la cr\u00e9ation d\u2019une Autorit\u00e9 nationale ind\u00e9pendante des \u00e9lections, qui aura pour mission d\u2019organiser et de contr\u00f4ler le processus \u00e9lectoral dans toutes ses phases. \u00c0 cette occasion, je voudrais rendre un hommage appuy\u00e9 aux membres de l&rsquo;Instance, pour le courage, le d\u00e9vouement et la comp\u00e9tence dont ils ont fait preuve, en s\u2019acquittant de cette lourde, mais noble mission. Je voudrais \u00e9galement dire ma satisfaction quant au climat de libert\u00e9 et de transparence ayant caract\u00e9ris\u00e9 le processus de dialogue, tout en faisant remarquer que l\u2019\u00c9tat a respect\u00e9 son engagement de neutralit\u00e9, la plus stricte, et n&rsquo;a pas interf\u00e9r\u00e9 dans le d\u00e9roulement de ce processus.\u00a0<\/p>\n<p>Ce processus a abouti \u00e0 une tr\u00e8s large convergence sur la tenue de l\u2019\u00e9lection pr\u00e9sidentielle et sur les garanties juridiques et institutionnelles \u00e0 r\u00e9unir sur le terrain pour assurer sa cr\u00e9dibilit\u00e9. Des propositions ont \u00e9t\u00e9 formul\u00e9es, dans ce sens, par l\u2019Instance, en vue de l&rsquo;adaptation de notre r\u00e9gime \u00e9lectoral, pour que la prochaine \u00e9lection pr\u00e9sidentielle puisse r\u00e9pondre aux conditions et normes requises.\u00a0<\/p>\n<p>La cr\u00e9ation d\u2019une Autorit\u00e9 nationale, \u00e0 laquelle seront assign\u00e9es les missions d\u2019organisation des \u00e9lections, depuis la convocation du corps \u00e9lectoral jusqu\u2019\u00e0 la proclamation des r\u00e9sultats, constitue une r\u00e9ponse concr\u00e8te aux aspirations de notre peuple, qui a revendiqu\u00e9, pacifiquement un changement profond du syst\u00e8me de gouvernance. Ainsi, j\u2019ai appel\u00e9 pour la mise en place de cette Autorit\u00e9, \u00e0 la poursuite des efforts et des consultations n\u00e9cessaires, afin qu&rsquo;elle puisse devenir une r\u00e9alit\u00e9 concr\u00e8te. De m\u00eame que j\u2019ai instruit le Gouvernement \u00e0 l\u2019effet de mettre, \u00e0 la disposition de cette nouvelle Autorit\u00e9 ind\u00e9pendante, tous les moyens mat\u00e9riels et logistiques, et de lui apporter toutes formes d&rsquo;aide et de soutien, lui permettant l\u2019organisation de la prochaine consultation \u00e9lectorale, dans les meilleures conditions.\u00a0<\/p>\n<p>Ch\u00e8res concitoyennes, Chers concitoyens,\u00a0<\/p>\n<p>Comme vous pouvez le constater, la loi organique relative \u00e0 l\u2019Autorit\u00e9 nationale ind\u00e9pendante des \u00e9lections et la loi organique, modifiant et compl\u00e9tant la loi 16-10 du 25 ao\u00fbt 2016, relative au r\u00e9gime \u00e9lectoral, ont \u00e9t\u00e9 adopt\u00e9es en l\u2019\u00e9tat par le dernier Conseil des ministres, et \u00e9galement par le Parlement, conform\u00e9ment au processus l\u00e9gislatif d\u2019adoption. Suite \u00e0 quoi, j\u2019ai proc\u00e9d\u00e9, samedi 14 septembre 2019, \u00e0 la signature de ces deux lois organiques, conform\u00e9ment aux dispositions de la Constitution et apr\u00e8s que le Conseil constitutionnel m\u2019eut notifi\u00e9 son avis en la mati\u00e8re. Ces deux textes ont introduit des changements capitaux et in\u00e9dits, qui ont touch\u00e9 \u00e0 l&rsquo;essence m\u00eame de la doctrine suivie jusque-l\u00e0 dans notre pays en mati\u00e8re d\u2019\u00e9lections.\u00a0<\/p>\n<p>Ces changements apportent, comme chacun l&rsquo;aura certainement constat\u00e9, une r\u00e9ponse claire et sans \u00e9quivoque aux sceptiques, et viennent, en m\u00eame temps, traduire les attentes l\u00e9gitimes de notre peuple en lui permettant de choisir, en toute souverainet\u00e9, libert\u00e9 et transparence, la personnalit\u00e9 \u00e0 qui il souhaite confier la conduite du changement et la satisfaction du reste des revendications populaires.<\/p>\n<p>\u00a0Ils viennent, \u00e9galement, confirmer la d\u00e9termination de l\u2019\u00c9tat \u00e0 aller de l\u2019avant dans la concr\u00e9tisation m\u00e9thodique du changement, auquel vous appelez de tous vos v\u0153ux, Mesdames et Messieurs, par l\u2019assainissement de l\u2019encadrement de l\u2019\u00c9tat, la lutte contre la corruption et l\u2019impunit\u00e9, le recouvrement de la normalit\u00e9 institutionnelle, \u00e0 travers des \u00e9lections entour\u00e9es de toutes les garanties de probit\u00e9.\u00a0<\/p>\n<p>Ces acquis et avanc\u00e9es n\u2019auraient pu \u00eatre r\u00e9alis\u00e9s sans une totale et \u00e9troite coordination entre les diff\u00e9rentes Institutions de l\u2019\u00c9tat. Et je tiens, \u00e0 ce propos, \u00e0 r\u00e9it\u00e9rer mes sentiments de consid\u00e9ration et de reconnaissance aux \u00e9l\u00e9ments de notre Arm\u00e9e nationale populaire (ANP), et en particulier \u00e0 son Haut Commandement, pour ses efforts soutenus et d\u00e9vou\u00e9s afin de pr\u00e9server la voie constitutionnelle et pour son engagement dans l&rsquo;accompagnement de notre peuple sur la voie du changement, en privil\u00e9giant la voie du dialogue et en insistant sur la pr\u00e9sidentielle en tant qu&rsquo;objectif strat\u00e9gique.\u00a0<\/p>\n<p>Ch\u00e8res concitoyennes, Chers concitoyens,\u00a0<\/p>\n<p>J\u2019ai, maintes fois, \u00e9voqu\u00e9 devant vous les raisons constitutionnelles, politiques, \u00e9conomiques et strat\u00e9giques qui nous imposent l\u2019organisation, dans les meilleurs d\u00e9lais, d&rsquo;une \u00e9lection pr\u00e9sidentielle, et je demeure convaincu que celle-ci est la seule solution d\u00e9mocratique viable, \u00e0 m\u00eame de permettre \u00e0 notre pays de transcender cette conjoncture. Cette d\u00e9marche, \u00e0 laquelle adh\u00e8re, Dieu merci, d\u00e9sormais, la majorit\u00e9 de notre peuple, est aujourd&rsquo;hui, pour nous, un motif de satisfaction.\u00a0<\/p>\n<p>En effet, cette \u00e9lection est autant n\u00e9cessaire qu\u2019urgente, pour que le pays renoue, au plus vite, avec sa normalit\u00e9 politique et institutionnelle, et pour qu&rsquo;il puisse se concentrer sur les d\u00e9fis majeurs \u00e0 relever, aux plans \u00e9conomique et social, et faire face aux menaces ext\u00e9rieures qui planent sur lui.\u00a0<\/p>\n<p>Ch\u00e8res concitoyennes, Chers concitoyens,\u00a0<\/p>\n<p>Aujourd&rsquo;hui, il est temps de faire pr\u00e9valoir l\u2019int\u00e9r\u00eat supr\u00eame de la patrie sur toutes autres consid\u00e9rations, car elle est notre d\u00e9nominateur commun et qu&rsquo;il y va de l\u2019avenir de notre pays, de nos enfants. Aussi, ai-je d\u00e9cid\u00e9, dans le cadre des pr\u00e9rogatives constitutionnelles qui me sont conf\u00e9r\u00e9es, de fixer la date de l\u2019\u00e9lection pr\u00e9sidentielle au jeudi 12 d\u00e9cembre 2019.\u00a0<\/p>\n<p>En cons\u00e9quence, conform\u00e9ment aux dispositions constitutionnelles et l\u00e9gislatives pertinentes, j\u2019ai proc\u00e9d\u00e9, ce jour, \u00e0 la signature du d\u00e9cret pr\u00e9sidentiel par lequel je convoque le corps \u00e9lectoral. Partant, je vous exhorte, Mesdames et Messieurs, \u00e0 la mobilisation, pour faire de ce rendez-vous le point de d\u00e9part du processus de renouveau de notre Nation, et \u00e0 \u0153uvrer, massivement et fortement, \u00e0 la r\u00e9ussite de cette \u00e9ch\u00e9ance \u00e9lectorale, qui permettra \u00e0 notre peuple d\u2019\u00e9lire un nouveau Pr\u00e9sident qui aura toute la l\u00e9gitimit\u00e9 pour pr\u00e9sider aux destin\u00e9es de notre pays et concr\u00e9tiser les aspirations de notre peuple.\u00a0<\/p>\n<p>Par son importance, cette \u00e9lection constituera une occasion sans pr\u00e9c\u00e9dent pour instaurer la confiance dans le pays, et ouvrira, par la m\u00eame occasion, la voie \u00e0 notre peuple vers un horizon prometteur en mati\u00e8re de consolidation de la pratique d\u00e9mocratique. J&rsquo;appelle, donc, les citoyennes et citoyens \u00e0 contribuer collectivement, le 12 d\u00e9cembre prochain, \u00e0 l&rsquo;\u00e9criture de l&rsquo;histoire de leur pays et au choix de leur nouveau Pr\u00e9sident, afin de tracer ainsi l&rsquo;avenir radieux de leur pays, celui dont r\u00eavaient leurs a\u00efeux et p\u00e8res, et r\u00eavent, aujourd&rsquo;hui, nos enfants.\u00a0<\/p>\n<p>Gloire \u00e0 nos martyrs,<\/p>\n<p>Vive l\u2019Alg\u00e9rie. \u00bb\u00a0<\/p>\n<\/div>\n<p>Auteur: elmoudjahid<br \/>\n<a href=\"http:\/\/www.elmoudjahid.com\/fr\/actualites\/142032\">Cliquez ici pour lire l&rsquo;article depuis sa source.<\/a><\/p>\n","protected":false},"excerpt":{"rendered":"<p>\u00ab Faire de ce rendez-vous le point de d\u00e9part du processus de renouveau de notre Nation. \u00bb \u00ab \u0152uvrer, massivement et fortement, \u00e0 la r\u00e9ussite de cette \u00e9ch\u00e9ance \u00e9lectorale. \u00bb \u00ab Cette \u00e9lection constituera une occasion sans pr\u00e9c\u00e9dent pour instaurer la confiance et consolider la pratique\u00a0d\u00e9mocratique. \u00bb Sentiments de consid\u00e9ration et de reconnaissance aux \u00e9l\u00e9ments [&hellip;]<\/p>\n","protected":false},"author":1744,"featured_media":0,"comment_status":"closed","ping_status":"closed","sticky":false,"template":"","format":"standard","meta":{"fifu_image_url":"","fifu_image_alt":"","footnotes":""},"categories":[73,53],"tags":[],"class_list":["post-61317","post","type-post","status-publish","format-standard","hentry","category-actualite","category-algerie"],"_links":{"self":[{"href":"https:\/\/linitiative.ca\/International\/wp-json\/wp\/v2\/posts\/61317","targetHints":{"allow":["GET"]}}],"collection":[{"href":"https:\/\/linitiative.ca\/International\/wp-json\/wp\/v2\/posts"}],"about":[{"href":"https:\/\/linitiative.ca\/International\/wp-json\/wp\/v2\/types\/post"}],"author":[{"embeddable":true,"href":"https:\/\/linitiative.ca\/International\/wp-json\/wp\/v2\/users\/1744"}],"replies":[{"embeddable":true,"href":"https:\/\/linitiative.ca\/International\/wp-json\/wp\/v2\/comments?post=61317"}],"version-history":[{"count":0,"href":"https:\/\/linitiative.ca\/International\/wp-json\/wp\/v2\/posts\/61317\/revisions"}],"wp:attachment":[{"href":"https:\/\/linitiative.ca\/International\/wp-json\/wp\/v2\/media?parent=61317"}],"wp:term":[{"taxonomy":"category","embeddable":true,"href":"https:\/\/linitiative.ca\/International\/wp-json\/wp\/v2\/categories?post=61317"},{"taxonomy":"post_tag","embeddable":true,"href":"https:\/\/linitiative.ca\/International\/wp-json\/wp\/v2\/tags?post=61317"}],"curies":[{"name":"wp","href":"https:\/\/api.w.org\/{rel}","templated":true}]}}