{"id":61318,"date":"2019-09-15T20:00:00","date_gmt":"2019-09-16T00:00:00","guid":{"rendered":"https:\/\/linitiative.ca\/International\/presidence-m-bensalah-recoit-le-president-de-lautorite-nationale-independante-des-elections\/"},"modified":"2019-09-15T20:00:00","modified_gmt":"2019-09-16T00:00:00","slug":"presidence-m-bensalah-recoit-le-president-de-lautorite-nationale-independante-des-elections","status":"publish","type":"post","link":"https:\/\/linitiative.ca\/International\/presidence-m-bensalah-recoit-le-president-de-lautorite-nationale-independante-des-elections\/","title":{"rendered":"Pr\u00e9\u0301sidence : M. Bensalah re\u00e7oit le pr\u00e9sident de l\u2019Autorit\u00e9 nationale ind\u00e9pendante des \u00e9lections"},"content":{"rendered":"<p>Le chef de l&rsquo;Etat, Abdelkader Bensalah, a re\u00e7u, hier \u00e0 Alger, le pr\u00e9sident de l&rsquo;Autorit\u00e9 nationale ind\u00e9pendante en charge des \u00e9lections, Mohamed Charfi, accompagn\u00e9 des membres de l&rsquo;Autorit\u00e9, a indiqu\u00e9 un communiqu\u00e9 de la pr\u00e9sidence de la R\u00e9publique. \u00abLors de cette audience, le chef de l&rsquo;Etat a f\u00e9licit\u00e9 les membres de l&rsquo;Autorit\u00e9 et son pr\u00e9sident pour la confiance plac\u00e9e en eux par leurs pairs afin de conduire, en toute libert\u00e9 et ind\u00e9pendance, le processus d&rsquo;organisation et de surveillance de la prochaine \u00e9lection pr\u00e9sidentielle, relevant avec satisfaction le sens de responsabilit\u00e9 et la comp\u00e9tence dont ils font montre et qui les habilitent \u00e0 s&rsquo;acquitter pleinement de leurs missions\u00bb, a pr\u00e9cis\u00e9 la m\u00eame source. Soulignant \u00able r\u00f4le important et d\u00e9cisif qui incombe \u00e0 l&rsquo;Autorit\u00e9 \u00e0 laquelle seront transf\u00e9r\u00e9es toutes les responsabilit\u00e9s, qui \u00e9taient confi\u00e9es aux pouvoirs publics\u00bb, M. Bensalah a estim\u00e9 que c&rsquo;est l\u00e0 \u00abune avanc\u00e9e substantielle et in\u00e9dite qui traduit concr\u00e8tement les aspirations du peuple alg\u00e9rien, et offre les garanties requises permettant aux Alg\u00e9riens et Alg\u00e9riennes de choisir, en toute souverainet\u00e9, libert\u00e9 et transparence, le pr\u00e9sident auquel ils souhaitent confier la conduite du pays\u00bb.\u00a0<\/p>\n<p>Par ailleurs, le chef de l&rsquo;Etat a mis en avant \u00abla disposition de l&rsquo;Etat \u00e0 mettre, \u00e0 la disposition de l&rsquo;Autorit\u00e9 nationale ind\u00e9pendante en charge des \u00e9lections, tous les moyens mat\u00e9riels et logistiques et \u00e0 lui apporter toutes formes d&rsquo;aide et de soutien, lui permettant d\u2019organiser la prochaine \u00e9ch\u00e9ance \u00e9lectorale, conform\u00e9ment aux pr\u00e9rogatives qui lui sont conf\u00e9r\u00e9es par la loi\u00bb.\u00a0 En conclusion, le chef de l&rsquo;Etat a r\u00e9it\u00e9r\u00e9 \u00abses remerciements aux membres de l&rsquo;Autorit\u00e9 pour avoir accept\u00e9 d&rsquo;assumer cette responsabilit\u00e9, affirmant que la r\u00e9ussite du scrutin est tributaire de leur r\u00e9ussite dans l&rsquo;accomplissement de leurs missions\u00bb.\u00a0<\/p>\n<p><strong>M. Charfi : \u00ab le chef de l\u2019\u00e9tat s&rsquo;\u00e9tait engag\u00e9 \u00e0 mobiliser\u00a0 tous les moyens de l\u2019\u00e9tat au service et pour la r\u00e9ussite des missions de l\u2019Autorit\u00e9. \u00bb<\/strong><\/p>\n<p>Mohamed Charfi a affirm\u00e9 que le chef de l&rsquo;Etat s&rsquo;\u00e9tait engag\u00e9 \u00e0 mobiliser \u00abtous les moyens\u00bb de l&rsquo;Etat au service et pour la r\u00e9ussite des missions de l&rsquo;Autorit\u00e9. Dans une d\u00e9claration \u00e0 la presse \u00e0 l&rsquo;issue de l&rsquo;audience que lui a accord\u00e9e le chef de l&rsquo;Etat, M. Charfi a indiqu\u00e9 que \u00abM. Bensalah s&rsquo;est engag\u00e9 \u00e0 mobiliser tous les moyens de l&rsquo;Etat au service de cette Autorit\u00e9, unique en son genre en Alg\u00e9rie et dans le monde entier, pour lui faciliter l&rsquo;accomplissement de ses missions\u00bb. \u00abNous sommes optimistes quant aux comp\u00e9tences des membres de cette Autorit\u00e9 qui appartiennent \u00e0 diff\u00e9rentes g\u00e9n\u00e9rations\u00bb, a d\u00e9clar\u00e9 M. Charfi, exprimant son v\u0153u de voir \u00abcette derni\u00e8re couronner le processus de Novembre 1954 pour le parach\u00e8vement de l&rsquo;\u00e9dification de l&rsquo;Etat auquel aspiraient nos a\u00efeux, notre g\u00e9n\u00e9ration et les g\u00e9n\u00e9rations montantes qui formeront l&rsquo;avenir de ce pays, un avenir qui sera prosp\u00e8re au vu des connaissances et de la prise de conscience que nous avons per\u00e7ues chez eux tout au long du processus de dialogue\u00bb.\u00a0 Pour le pr\u00e9sident de l&rsquo;Autorit\u00e9 nationale ind\u00e9pendante en charge des \u00e9lections, \u00abl&rsquo;Alg\u00e9rie se porte bien et sortira victorieuse gr\u00e2ce \u00e0 ses hommes et \u00e0 ses richesses\u00bb, esp\u00e9rant \u00abvoir la d\u00e9marche de l&rsquo;Etat alg\u00e9rien consistant \u00e0 permettre au peuple alg\u00e9rien d&rsquo;accomplir son devoir \u00e9lectoral en toute libert\u00e9 et souverainet\u00e9, constituer un couronnement de l&rsquo;\u00e9dification de l&rsquo;Etat de Novembre 1954\u00bb.\u00a0<\/p>\n<p><strong>signature des deux lois organiques relatives \u00e0 l\u2019Autorit\u00e9 nationale ind\u00e9pendante en charge\u00a0 des \u00e9lections et au r\u00e9gime \u00e9lectoral\u00a0<\/strong><\/p>\n<p>Le chef de l&rsquo;Etat a proc\u00e9d\u00e9, samedi dernier, \u00e0 la signature des deux lois organiques relatives \u00e0 l&rsquo;Autorit\u00e9 nationale ind\u00e9pendante en charge des \u00e9lections et au r\u00e9gime \u00e9lectoral, a indiqu\u00e9 hier un communiqu\u00e9 de la pr\u00e9sidence de la R\u00e9publique.\u00a0 \u00abLe chef de l&rsquo;Etat, M.\u2008Abdelkader Bensalah, a proc\u00e9d\u00e9, samedi 14 septembre 2019, \u00e0 la signature de la loi organique relative \u00e0 l&rsquo;Autorit\u00e9 nationale ind\u00e9pendante en charge des \u00e9lections ainsi que la loi organique amendant et compl\u00e9tant la loi organique 16-10 dat\u00e9e du 25 ao\u00fbt 2016 relative au r\u00e9gime \u00e9lectoral, apr\u00e8s accomplissement des formalit\u00e9s que stipule la Constitution et \u00e9mission de l&rsquo;avis du Conseil constitutionnel au chef de l&rsquo;Etat\u00bb, lit-on dans le communiqu\u00e9.\u00a0<\/p>\n<p><strong>Fin de fonctions du secr\u00e9taire g\u00e9n\u00e9ral de la Haut instance ind\u00e9pendante de surveillance\u00a0 des \u00e9lections (HIISE)<\/strong><\/p>\n<p>Le chef de l&rsquo;Etat a mis fin, hier, aux fonctions du Secr\u00e9taire g\u00e9n\u00e9ral de la Haute instance ind\u00e9pendante de surveillance des \u00e9lections (HIISE).\u00a0 M. Fouad Makhlouf, a indiqu\u00e9 un communiqu\u00e9 de la pr\u00e9sidence. \u00abLe chef de l&rsquo;Etat, Abdelkader Bensalah, a mis fin, dimanche (hier) 15 septembre 2019, aux fonctions de M. Fouad Makhlouf, Secr\u00e9taire g\u00e9n\u00e9ral de la Haute instance ind\u00e9pendante de surveillance des \u00e9lections (HIISE)\u00bb, conclut la m\u00eame source.\u00a0<\/p>\n<p>Auteur: elmoudjahid<br \/>\n<a href=\"http:\/\/www.elmoudjahid.com\/fr\/actualites\/142033\">Cliquez ici pour lire l&rsquo;article depuis sa source.<\/a><\/p>\n","protected":false},"excerpt":{"rendered":"<p>Le chef de l&rsquo;Etat, Abdelkader Bensalah, a re\u00e7u, hier \u00e0 Alger, le pr\u00e9sident de l&rsquo;Autorit\u00e9 nationale ind\u00e9pendante en charge des \u00e9lections, Mohamed Charfi, accompagn\u00e9 des membres de l&rsquo;Autorit\u00e9, a indiqu\u00e9 un communiqu\u00e9 de la pr\u00e9sidence de la R\u00e9publique. \u00abLors de cette audience, le chef de l&rsquo;Etat a f\u00e9licit\u00e9 les membres de l&rsquo;Autorit\u00e9 et son pr\u00e9sident [&hellip;]<\/p>\n","protected":false},"author":1744,"featured_media":0,"comment_status":"closed","ping_status":"closed","sticky":false,"template":"","format":"standard","meta":{"fifu_image_url":"","fifu_image_alt":"","footnotes":""},"categories":[73,53],"tags":[],"class_list":["post-61318","post","type-post","status-publish","format-standard","hentry","category-actualite","category-algerie"],"_links":{"self":[{"href":"https:\/\/linitiative.ca\/International\/wp-json\/wp\/v2\/posts\/61318","targetHints":{"allow":["GET"]}}],"collection":[{"href":"https:\/\/linitiative.ca\/International\/wp-json\/wp\/v2\/posts"}],"about":[{"href":"https:\/\/linitiative.ca\/International\/wp-json\/wp\/v2\/types\/post"}],"author":[{"embeddable":true,"href":"https:\/\/linitiative.ca\/International\/wp-json\/wp\/v2\/users\/1744"}],"replies":[{"embeddable":true,"href":"https:\/\/linitiative.ca\/International\/wp-json\/wp\/v2\/comments?post=61318"}],"version-history":[{"count":0,"href":"https:\/\/linitiative.ca\/International\/wp-json\/wp\/v2\/posts\/61318\/revisions"}],"wp:attachment":[{"href":"https:\/\/linitiative.ca\/International\/wp-json\/wp\/v2\/media?parent=61318"}],"wp:term":[{"taxonomy":"category","embeddable":true,"href":"https:\/\/linitiative.ca\/International\/wp-json\/wp\/v2\/categories?post=61318"},{"taxonomy":"post_tag","embeddable":true,"href":"https:\/\/linitiative.ca\/International\/wp-json\/wp\/v2\/tags?post=61318"}],"curies":[{"name":"wp","href":"https:\/\/api.w.org\/{rel}","templated":true}]}}