{"id":61320,"date":"2019-09-15T20:00:00","date_gmt":"2019-09-16T00:00:00","guid":{"rendered":"https:\/\/linitiative.ca\/International\/au-forum-del-moudjahid-ammar-belhimeur-membre-de-linstance-de-mediation-et-de-dialogue\/"},"modified":"2019-09-15T20:00:00","modified_gmt":"2019-09-16T00:00:00","slug":"au-forum-del-moudjahid-ammar-belhimeur-membre-de-linstance-de-mediation-et-de-dialogue","status":"publish","type":"post","link":"https:\/\/linitiative.ca\/International\/au-forum-del-moudjahid-ammar-belhimeur-membre-de-linstance-de-mediation-et-de-dialogue\/","title":{"rendered":"Au Forum d\u2019El Moudjahid, Ammar Belhimeur,  membre de l\u2019Instance de m\u00e9diation et de dialogue"},"content":{"rendered":"<p>\u00abL\u2019\u00e9coute attentive des partis, syndicats et associations nous a permis de dresser une feuille de route consensuelle\u00a0 pour une pr\u00e9sidentielle r\u00e9ussie\u00bb, a estim\u00e9 le conf\u00e9rencier.<\/p>\n<div readability=\"115.5\">\n<p>Mission accomplie pour l\u2019instance nationale de dialogue et de m\u00e9diation ? \u00abOui, nous avons partag\u00e9 au sein de cette Instance une d\u00e9marche et une vision anim\u00e9es par le seul d\u00e9sir de contribuer \u00e0 faire converger la plus petite expression patriotique pour remettre notre pays sur de bons rails\u00bb, r\u00e9pond le pr\u00e9sident de la Commission politique de l\u2019instance de m\u00e9diation et de dialogue, M. Ammar Belhimeur, invit\u00e9 hier \u00e0 notre forum.\u00a0\u00a0<\/p>\n<p>M. Belhimeur reconnait que la mission de m\u00e9diation \u00e9tait ardue et\u00a0 e difficile car \u00abnous assistons, notamment depuis 2012, \u00e0 une \u00e9rosion des espaces de d\u00e9bat avec une m\u00e9diation sociale corset\u00e9e, brid\u00e9e, et une m\u00e9diation politique d\u00e9ficiente\u00bb, dira-t-il. Rappelant les conditions dans lesquelles l\u2019Instance a accompli sa t\u00e2che, notre invit\u00e9 affirme qu\u2019un gigantesque travail d\u2019\u00e9coute a \u00e9t\u00e9 consenti : un programme de rencontres a \u00e9t\u00e9 \u00e9labor\u00e9 incluant les acteurs politiques individuels et collectifs, les repr\u00e9sentants du mouvement citoyen et du monde universitaire ainsi que des syndicats autonomes.\u00a0<\/p>\n<p>Par souci de respecter la volont\u00e9 des animateurs du mouvement citoyen, les partis de l\u2019ex-alliance pr\u00e9sidentielle ne sont pas invit\u00e9s au dialogue\u00bb, dira M. Belhimeur qui reste convaincu que \u00abl\u2019\u00e9coute attentive des partis, syndicats et associations nous a permis de dresser une feuille de route consensuelle pour une pr\u00e9sidentielle r\u00e9ussie dans les meilleurs d\u00e9lais\u00bb.\u00a0<\/p>\n<p>L\u2019Instance a-t-elle r\u00e9ussi son pari de r\u00e9unir le consensus ou, \u00e0 d\u00e9faut, l\u2019adh\u00e9sion majoritaire, au projet de scrutin pr\u00e9sidentiel ? \u00abLes choses \u00e9voluent dans la douleur et la difficult\u00e9 mais elles \u00e9voluent m\u00eame si aujourd\u2019hui encore j\u2019ai ce sentiment d\u2019illisibilit\u00e9, d\u2019absence de visibilit\u00e9 qui caract\u00e9risent cette situation\u00bb, r\u00e9pond notre invit\u00e9 qui reconnait que \u00absans caution populaire, aucune d\u00e9marche ne pourrait offrir des garanties d\u2019aboutissement\u00bb. Il reste maintenant, selon notre invit\u00e9, de r\u00e9unir les conditions ad\u00e9quates pour l\u2019organisation de cette \u00e9lection dans la transparence et la neutralit\u00e9 en vue de pr\u00e9server les institutions constitutionnelles\u00bb.\u00a0<\/p>\n<p>L\u2019intervenant affirme que lors des rencontres, il s\u2019est av\u00e9r\u00e9 que le d\u00e9part pr\u00e9alablement exig\u00e9 du chef de l\u2019Etat, M. Abdelkader Bensalah n\u2019est plus repris de fa\u00e7on aussi pressante : l\u2019exigence du respect de la Constitution ayant \u00e9t\u00e9 relativement convaincante.\u00a0<\/p>\n<p>Par contre, le changement de gouvernement, avec le d\u00e9part du Premier ministre, reste une exigence de l\u2019ensemble de la classe politique consult\u00e9e et du mouvement citoyen. Le pr\u00e9sident de la Commission politique a \u00e9galement \u00e9voqu\u00e9 \u00abl\u2019importance d\u2019aller vers une \u00e9lection pr\u00e9sidentielle dans les plus brefs d\u00e9lais\u00bb.\u00a0<\/p>\n<p>Ce qui est conditionn\u00e9, d\u2019apr\u00e8s lui, par \u00abl\u2019installation d\u2019une instance d\u2019organisation de l\u2019\u00e9lection pr\u00e9sidentielle qui aura un contr\u00f4le total sur tout le processus et l\u2019amendement partiel de la loi \u00e9lectorale, la d\u00e9mission du gouvernement Bedoui, l\u2019application de mesures politiques et sociales d\u2019apaisement\u00bb.\u00a0\u00a0<\/p>\n<p><strong>L\u2019organisation de l\u2019\u00e9lection pr\u00e9sidentielle dans des d\u00e9lais raisonnables et acceptables<\/strong><\/p>\n<p>\u00a0Comment convaincre les Alg\u00e9riens de la justesse de sa d\u00e9marche et par cons\u00e9quent de la n\u00e9cessit\u00e9 de l\u2019organisation d\u2019une \u00e9lection pr\u00e9sidentielle dans les plus brefs d\u00e9lais ?<\/p>\n<p>\u00abLe panel a propos\u00e9 non seulement un amendement partiel de la loi \u00e9lectorale mais aussi une s\u00e9rie de mesures contenues dans le rapport final et qui peuvent constituer des garanties \u00e0 m\u00eame de rassurer les personnalit\u00e9s politiques et les repr\u00e9sentants de la soci\u00e9t\u00e9 civile\u00bb, r\u00e9pondra notre invit\u00e9. M. Belhimeur rappellera que ces r\u00e9solutions pr\u00e9conisent l\u2019adoption d\u2019une solution dans le cadre de la Constitution comportant principalement un volet constitutionnel et un volet politique.\u00a0<\/p>\n<p>\u00abParmi les mesures de sortie de crise pr\u00e9conis\u00e9es, on recense la mise \u00e0 l\u2019\u00e9cart de tous les symboles de l\u2019ancien syst\u00e8me politique, l\u2019ouverture de la sph\u00e8re politique et m\u00e9diatique et la cessation de toutes les restrictions, mais aussi le respect des libert\u00e9s individuelles et collectives ainsi que le respect de la libert\u00e9 d\u2019expression et le refus des interpellations li\u00e9es \u00e0 son exercice\u00bb.\u00a0<\/p>\n<p>\u00c0 propos de l\u2019organisation de l\u2019\u00e9lection pr\u00e9sidentielle, cette \u00e9ch\u00e9ance est rattach\u00e9e \u00e0 un accord sur la constitution de l\u2019Instance ind\u00e9pendante d\u2019organisation et de supervision, sa composante, son cadre juridique et l\u2019ensemble de ses pr\u00e9rogatives. Un d\u00e9but de transition d\u00e9mocratique et de construction de l\u2019Etat national est alors envisag\u00e9.<\/p>\n<p>\u00a0La plate-forme d\u2019Ain Benian du 6 juillet 2019 par exemple a propos\u00e9\u00a0 six mois pour l\u2019organisation de l\u2019\u00e9lection pr\u00e9sidentielle. Puisque l\u2019\u00e9lection se tiendra avant la fin de l\u2019ann\u00e9e, nous sommes dans les d\u00e9lais.\u00a0<\/p>\n<p>Le futur pr\u00e9sident \u00e9lu aura pour mission principale d\u2019engager des r\u00e9formes politiques et constitutionnelles \u00e0 la hauteur des aspirations populaires \u00e0 la d\u00e9mocratie, \u00e0 un Etat de droit, aux libert\u00e9s et \u00e0 des institutions l\u00e9gitimes et solides\u00bb, dira M.\u2008Belhimeur qui consid\u00e8re que l\u2019\u00e9lection pr\u00e9sidentielle n\u2019est qu\u2019une partie de la solution et \u00e0 ce titre, elle doit \u00eatre transparente et refl\u00e9ter les attentes du peuple qui acceptera l\u2019organisation de cette \u00e9ch\u00e9ance \u00e9lectorale si toutes les garanties sont mises en place. Pour ce faire, l\u2019Instance charg\u00e9e d\u2019organiser l\u2019\u00e9lection doit \u00eatre ind\u00e9pendante de l\u2019administration, et ce, en plus de la constitution d\u2019un gouvernement neutre et consensuel.<\/p>\n<div readability=\"19\"><strong>Farida Larbi\u00a0<\/strong><\/p>\n<hr \/>\n<p><strong>\u00ab Passer des slogans aux programmes politiques, une n\u00e9cessit\u00e9 \u00bb<\/strong><\/p>\n<div readability=\"27\">\n<p>Le pr\u00e9sident de la commission politique, M.\u2008Ammar Belhimeur, a mis en exergue l\u2019importance de passer \u00abdes slogans au programme politique au profit de toutes les cat\u00e9gories du peuple\u00bb. Lors de son passage \u00e0 notre Forum, M. Belhimeur qui est \u00e0 la fois journaliste, juriste et politologue, a \u00e9voqu\u00e9 \u00abl\u2019absence des politiques au milieu des manifestations\u00bb pacifiques enclench\u00e9es depuis f\u00e9vrier dernier, pr\u00e9cisant que \u00ables chefs de parti sont appel\u00e9s \u00e0 traduire les slogans scand\u00e9s dans les manifestations \u00e0 un programme palpable en r\u00e9pondant aux aspirations du peuple\u00bb.\u00a0<\/p>\n<p>Apr\u00e8s avoir exprim\u00e9 son m\u00e9contentement \u00e0 propos du comportement de certaines personnalit\u00e9s qui entravent, h\u00e9las, le dialogue, M. Belhimeur a estim\u00e9 : \u00abNous ne pouvons pas continuer ainsi et l\u2019\u00e9lection est la solution pour \u00e9lire un pr\u00e9sident de la R\u00e9publique qui aura les pr\u00e9rogatives pour lancer des r\u00e9formes dans les diff\u00e9rents secteurs \u00bb. Notre invit\u00e9 ajoute : \u00abL\u2019Alg\u00e9rie a sign\u00e9 des accords et des conventions avec des partenaires \u00e9trangers et Organisations non gouvernementales (ONG) qui commencent \u00e0 p\u00eacher en eau trouble, en instrumentalisant des Alg\u00e9riens \u00e0 travers les r\u00e9seaux sociaux pour semer le doute au sein du peuple \u00e0 des fins qui ne servent pas les Alg\u00e9riens et leur avenir\u00bb.\u00a0<\/p>\n<p>\u00a0 \u00a0 \u00a0 \u00a0 \u00a0 \u00a0 \u00a0 \u00a0 \u00a0 \u00a0 \u00a0 \u00a0 \u00a0 \u00a0 \u00a0 \u00a0 \u00a0 \u00a0 \u00a0 \u00a0 \u00a0 \u00a0 \u00a0 \u00a0 \u00a0 \u00a0 \u00a0 \u00a0 \u00a0 H. Hichem<\/p>\n<\/div>\n<\/div>\n<\/div>\n<p>Auteur: elmoudjahid<br \/>\n<a href=\"http:\/\/www.elmoudjahid.com\/fr\/actualites\/142035\">Cliquez ici pour lire l&rsquo;article depuis sa source.<\/a><\/p>\n","protected":false},"excerpt":{"rendered":"<p>\u00abL\u2019\u00e9coute attentive des partis, syndicats et associations nous a permis de dresser une feuille de route consensuelle\u00a0 pour une pr\u00e9sidentielle r\u00e9ussie\u00bb, a estim\u00e9 le conf\u00e9rencier. Mission accomplie pour l\u2019instance nationale de dialogue et de m\u00e9diation ? \u00abOui, nous avons partag\u00e9 au sein de cette Instance une d\u00e9marche et une vision anim\u00e9es par le seul d\u00e9sir [&hellip;]<\/p>\n","protected":false},"author":1744,"featured_media":0,"comment_status":"closed","ping_status":"closed","sticky":false,"template":"","format":"standard","meta":{"fifu_image_url":"","fifu_image_alt":"","footnotes":""},"categories":[73,53],"tags":[],"class_list":["post-61320","post","type-post","status-publish","format-standard","hentry","category-actualite","category-algerie"],"_links":{"self":[{"href":"https:\/\/linitiative.ca\/International\/wp-json\/wp\/v2\/posts\/61320","targetHints":{"allow":["GET"]}}],"collection":[{"href":"https:\/\/linitiative.ca\/International\/wp-json\/wp\/v2\/posts"}],"about":[{"href":"https:\/\/linitiative.ca\/International\/wp-json\/wp\/v2\/types\/post"}],"author":[{"embeddable":true,"href":"https:\/\/linitiative.ca\/International\/wp-json\/wp\/v2\/users\/1744"}],"replies":[{"embeddable":true,"href":"https:\/\/linitiative.ca\/International\/wp-json\/wp\/v2\/comments?post=61320"}],"version-history":[{"count":0,"href":"https:\/\/linitiative.ca\/International\/wp-json\/wp\/v2\/posts\/61320\/revisions"}],"wp:attachment":[{"href":"https:\/\/linitiative.ca\/International\/wp-json\/wp\/v2\/media?parent=61320"}],"wp:term":[{"taxonomy":"category","embeddable":true,"href":"https:\/\/linitiative.ca\/International\/wp-json\/wp\/v2\/categories?post=61320"},{"taxonomy":"post_tag","embeddable":true,"href":"https:\/\/linitiative.ca\/International\/wp-json\/wp\/v2\/tags?post=61320"}],"curies":[{"name":"wp","href":"https:\/\/api.w.org\/{rel}","templated":true}]}}