{"id":61321,"date":"2019-09-15T20:00:00","date_gmt":"2019-09-16T00:00:00","guid":{"rendered":"https:\/\/linitiative.ca\/International\/denouement-de-la-crise-politique-lenjeu-de-la-presidentielle\/"},"modified":"2019-09-15T20:00:00","modified_gmt":"2019-09-16T00:00:00","slug":"denouement-de-la-crise-politique-lenjeu-de-la-presidentielle","status":"publish","type":"post","link":"https:\/\/linitiative.ca\/International\/denouement-de-la-crise-politique-lenjeu-de-la-presidentielle\/","title":{"rendered":"D\u00e9nouement de la crise politique :  L\u2019enjeu de la pr\u00e9sidentielle"},"content":{"rendered":"<p>R\u00e9tablir la normalit\u00e9 institutionnelle, transcender un contexte de crise politique n\u00e9 de l\u2019opposition des Alg\u00e9riens \u00e0 la continuit\u00e9 d\u2019un r\u00e9gime caract\u00e9ris\u00e9 par le favoritisme et gangren\u00e9 par la corruption, et aller vers une nouvelle Alg\u00e9rie \u00e9mancip\u00e9e, o\u00f9 seront promus les principes de la d\u00e9mocratie, d\u2019\u00c9tat de droit et de justice sociale, ainsi en est-il des principaux enjeux li\u00e9s \u00e0 la prochaine \u00e9lection pr\u00e9sidentielle, dont le processus y aff\u00e9rent s\u2019acc\u00e9l\u00e8re depuis l\u2019adoption par le Parlement des lois relatives au r\u00e9gime \u00e9lectoral et \u00e0 l\u2019Autorit\u00e9 ind\u00e9pendante des \u00e9lections qui a vu ses membres d\u00e9sign\u00e9s hier.\u00a0<\/p>\n<p>Dans ce contexte de d\u00e9nouement progressif d\u2019une crise qui n\u2019a que trop dur\u00e9, tous les signaux ont tendance \u00e0 certifier de cette possibilit\u00e9 de voir les citoyens convi\u00e9s \u00e0 \u00e9lire un nouveau pr\u00e9sident de la R\u00e9publique avant la fin de cette ann\u00e9e. Les conditions devant caract\u00e9riser l\u2019organisation de ce scrutin, tout comme les missions d\u2019ordre prioritaire qui seront assign\u00e9es au futur premier magistrat du pays s\u2019inscrivent dans cette logique de changement radical du syst\u00e8me de gouvernance. Il est en effet question de provoquer une rupture avec une \u00e9poque o\u00f9 la volont\u00e9 populaire \u00e9tait d\u00e9tourn\u00e9e pour servir les int\u00e9r\u00eats d\u2019une caste de dirigeants avide de pouvoir, et ouvrir de nouveaux horizons porteurs de progr\u00e8s et de d\u00e9veloppement tous azimuts.\u00a0<\/p>\n<p>\u00abCette aspiration l\u00e9gitime au changement a \u00e9t\u00e9 pleinement entendue et se trouve d\u00e9sormais au c\u0153ur des pr\u00e9occupations des pouvoirs publics et en t\u00eate des pr\u00e9occupations de l\u2019\u00c9tat\u00bb, avait soulign\u00e9 le chef de l\u2019\u00c9tat, M. Abdelkader Bensalah, dans son message adress\u00e9 le 3 juillet dernier \u00e0 la nation. En d\u2019autres termes, rien ne sera comme avant en mati\u00e8re de mode de gouvernance et de gestion des affaires publiques. Seules les r\u00e8gles de la transparence et l\u2019\u00c9tat de droit devront caract\u00e9riser \u00e0 l\u2019avenir la relation entre les gouvernants et les gouvern\u00e9s, conform\u00e9ment \u00e0 l\u2019aspiration l\u00e9gitime du mouvement citoyen o\u00f9 des millions d\u2019Alg\u00e9riens ont su faire preuve d\u2019un niveau de maturit\u00e9 et d\u2019une conscience politique exemplaires. Le dialogue a bien ses vertus.<\/p>\n<p>Le chef de l\u2019\u00c9tat avait certifi\u00e9 qu\u2019\u00e0 travers le dialogue, il s\u2019agit surtout \u00abd\u2019accomplir l\u2019\u0153uvre d\u2019assainissement de l\u2019\u00c9tat et de renouvellement de son encadrement\u00bb \u00e0 diff\u00e9rentes \u00e9chelles de responsabilit\u00e9s, \u00e0 travers le d\u00e9part de tous les symboles du r\u00e9gime d\u00e9chu.\u00a0 Le chef de l\u2019\u00c9tat a affirm\u00e9 sa vision l\u00e9galiste et sa volont\u00e9 de prendre en charge les aspirations profondes du peuple. Il y a aussi le r\u00f4le axial de l\u2019Arm\u00e9e ayant su pr\u00e9server le front interne en mettant en \u00e9chec toutes sortes de tentative de d\u00e9s\u00e9tatisation du pays. Aussi, l\u2019instance du dialogue et de m\u00e9diation a largement contribu\u00e9 \u00e0 ce retour prochain au processus \u00e9lectoral qui augure de l\u2019organisation d\u2019une \u00e9lection pr\u00e9sidentielle cr\u00e9dible et honn\u00eate.\u00a0<\/p>\n<p>Au sujet de ce rendez-vous d\u00e9cisif, le chef de l\u2019\u00c9tat avait exhort\u00e9, lors de la r\u00e9cente r\u00e9union du Conseil des ministres, \u00abtous les responsables \u00e0 poursuivre leurs actions, \u00e0 redoubler d\u2019efforts et \u00e0 faire montre de la vigilance exig\u00e9e, lors de la prochaine \u00e9tape, en vue de garantir le bon d\u00e9roulement du processus \u00e9lectoral qui permettra \u00e0 notre pays de r\u00e9tablir l\u2019autorit\u00e9 de l\u2019\u00c9tat et de conf\u00e9rer toute la l\u00e9gitimit\u00e9 n\u00e9cessaire \u00e0 ses institutions\u00bb.<\/p>\n<p>\u00a0De son c\u00f4t\u00e9, le Haut commandement de l\u2019institution militaire, tr\u00e8s attach\u00e9 \u00e0 la concr\u00e9tisation des aspirations et revendications du peuple, ne m\u00e9nagera aucun effort pour garantir la s\u00e9curisation, voire le succ\u00e8s de ce prochain rendez-vous \u00e9lectoral majeur devant se tenir dans des conditions de transparence et d\u2019int\u00e9grit\u00e9 irr\u00e9prochables.<\/p>\n<p>Karim Aoudia\u00a0<\/p>\n<p>Auteur: elmoudjahid<br \/>\n<a href=\"http:\/\/www.elmoudjahid.com\/fr\/actualites\/142036\">Cliquez ici pour lire l&rsquo;article depuis sa source.<\/a><\/p>\n","protected":false},"excerpt":{"rendered":"<p>R\u00e9tablir la normalit\u00e9 institutionnelle, transcender un contexte de crise politique n\u00e9 de l\u2019opposition des Alg\u00e9riens \u00e0 la continuit\u00e9 d\u2019un r\u00e9gime caract\u00e9ris\u00e9 par le favoritisme et gangren\u00e9 par la corruption, et aller vers une nouvelle Alg\u00e9rie \u00e9mancip\u00e9e, o\u00f9 seront promus les principes de la d\u00e9mocratie, d\u2019\u00c9tat de droit et de justice sociale, ainsi en est-il des [&hellip;]<\/p>\n","protected":false},"author":1744,"featured_media":0,"comment_status":"closed","ping_status":"closed","sticky":false,"template":"","format":"standard","meta":{"fifu_image_url":"","fifu_image_alt":"","footnotes":""},"categories":[73,53],"tags":[],"class_list":["post-61321","post","type-post","status-publish","format-standard","hentry","category-actualite","category-algerie"],"_links":{"self":[{"href":"https:\/\/linitiative.ca\/International\/wp-json\/wp\/v2\/posts\/61321","targetHints":{"allow":["GET"]}}],"collection":[{"href":"https:\/\/linitiative.ca\/International\/wp-json\/wp\/v2\/posts"}],"about":[{"href":"https:\/\/linitiative.ca\/International\/wp-json\/wp\/v2\/types\/post"}],"author":[{"embeddable":true,"href":"https:\/\/linitiative.ca\/International\/wp-json\/wp\/v2\/users\/1744"}],"replies":[{"embeddable":true,"href":"https:\/\/linitiative.ca\/International\/wp-json\/wp\/v2\/comments?post=61321"}],"version-history":[{"count":0,"href":"https:\/\/linitiative.ca\/International\/wp-json\/wp\/v2\/posts\/61321\/revisions"}],"wp:attachment":[{"href":"https:\/\/linitiative.ca\/International\/wp-json\/wp\/v2\/media?parent=61321"}],"wp:term":[{"taxonomy":"category","embeddable":true,"href":"https:\/\/linitiative.ca\/International\/wp-json\/wp\/v2\/categories?post=61321"},{"taxonomy":"post_tag","embeddable":true,"href":"https:\/\/linitiative.ca\/International\/wp-json\/wp\/v2\/tags?post=61321"}],"curies":[{"name":"wp","href":"https:\/\/api.w.org\/{rel}","templated":true}]}}