{"id":61328,"date":"2019-09-16T09:51:21","date_gmt":"2019-09-16T13:51:21","guid":{"rendered":"https:\/\/linitiative.ca\/International\/94463-ligue-1-le-mc-oran-retombe-dans-ses-travers-cherif-el-ouezzani-crie-au-complot\/"},"modified":"2019-09-16T09:51:21","modified_gmt":"2019-09-16T13:51:21","slug":"94463-ligue-1-le-mc-oran-retombe-dans-ses-travers-cherif-el-ouezzani-crie-au-complot","status":"publish","type":"post","link":"https:\/\/linitiative.ca\/International\/94463-ligue-1-le-mc-oran-retombe-dans-ses-travers-cherif-el-ouezzani-crie-au-complot\/","title":{"rendered":"Ligue 1 : le MC Oran retombe dans ses travers, Cherif El Ouezzani crie au complot"},"content":{"rendered":"<div>\n<div class=\"K2FeedImage\"><img decoding=\"async\" src=\"http:\/\/www.aps.dz\/media\/k2\/items\/cache\/40f4c1f663a3806b5c8a70e0c9a41388_S.jpg\" alt=\"Ligue 1 : le MC Oran retombe dans ses travers, Cherif El Ouezzani crie au complot\"><\/div>\n<div class=\"K2FeedIntroText\">\n<p><strong>ORAN \u2013 Le MC Oran, auteur d\u2019un bon d\u00e9part en championnat de Ligue 1 de football, retombe dans ses travers, au moment o\u00f9 son directeur g\u00e9n\u00e9ral et entraineur en m\u00eame temps, Si Tahar Cherif El Ouezzani, crie au complot.<\/strong><\/p>\n<\/div>\n<div class=\"K2FeedFullText\">\n<p>\u00ab\u00a0J\u2019ai l\u2019impression que certains dans le club, plus pr\u00e9cis\u00e9ment des actionnaires dans la soci\u00e9t\u00e9 sportive du MCO ne veulent pas notre r\u00e9ussite. Ils sont tout simplement en train de me mettre des obstacles pour \u00e9chouer\u00a0\u00bb, a d\u00e9clar\u00e9 Cherif El Ouezzani \u00e0 la presse \u00e0 l\u2019issue de la d\u00e9faite \u00e0 domicile de son \u00e9quipe face au MC Alger (3-2), dimanche soir en match avanc\u00e9 de la cinqui\u00e8me journ\u00e9e.<\/p>\n<p>Il s\u2019agit de la deuxi\u00e8me d\u00e9faite de rang des \u00ab\u00a0hamraoua\u00a0\u00bb qui se sont inclin\u00e9s cinq jours auparavant \u00e0 A\u00efn M\u2019lila (2-1) et la premi\u00e8re sur leur terrain cette saison, apr\u00e8s avoir r\u00e9ussi \u00e0 engranger sept points de neuf possibles lors des trois premi\u00e8res journ\u00e9es du championnat.<\/p>\n<p>Cherif El Ouezzani, intronis\u00e9 par les autorit\u00e9s locales dans sa double fonction de DG et coach des Rouge et Blanc, n\u2019a toujours pas obtenu sa licence pour diriger ses cap\u00e9s du banc de touche. Pour cause, il ne dispose toujours pas de contrat que devait signer les membres du Conseil d\u2019administration (CA), il y a de cela plusieurs semaines.<\/p>\n<blockquote>\n<p><em><strong>\u00ab\u00a0Toutes mes tentatives aupr\u00e8s des membres du CA pour r\u00e9gulariser notre situation administrative, moi et mes assistants au staff technique, ont \u00e9t\u00e9 vou\u00e9es \u00e0 l\u2019\u00e9chec. Par leur attitude, ils sont en train tout simplement de nous mettre les b\u00e2tons dans les roues\u00a0\u00bb, a-t-il d\u00e9plor\u00e9.<\/strong><\/em><\/p>\n<\/blockquote>\n<p>D\u00e9j\u00e0 confront\u00e9 \u00e0 des probl\u00e8mes financiers \u00e9normes, le champion d\u2019Afrique avec la s\u00e9lection alg\u00e9rienne en 1990 lance un \u00e9ni\u00e8me cri de d\u00e9tresse pour venir au secours de son club.<\/p>\n<p>\u00ab\u00a0Le MCO est un grand club qui draine derri\u00e8re lui des centaines de milliers de supporters et il repr\u00e9sente aussi la deuxi\u00e8me grande ville d\u2019Alg\u00e9rie, mais cela ne suffit pas pourtant pour qu\u2019il b\u00e9n\u00e9ficie de la consid\u00e9ration voulue, comme c\u2019est le cas pour d\u2019autres clubs de l\u2019\u00e9lite qui ont \u00e9t\u00e9 plac\u00e9s sous l\u2019\u00e9gide de grandes entreprises publiques\u00a0\u00bb, s\u2019est-il insurg\u00e9, non sans, au passage, pointer du doigt l\u2019arbitre de la rencontre face au MCA (Farouk Mial), qui s\u2019est illustr\u00e9 par \u00ab\u00a0un arbitrage vicieux\u00a0\u00bb, ayant avantag\u00e9 l\u2019adversaire et l\u2019aid\u00e9 \u00e0 obtenir les trois points de la victoire, selon ses dires.<\/p>\n<\/div>\n<p><img loading=\"lazy\" decoding=\"async\" src=\"http:\/\/feeds.feedburner.com\/~r\/aps-sport\/~4\/ZR3b4OpndGA\" height=\"1\" width=\"1\" alt=\"\"><\/div>\n<p>Auteur:<br \/>\n<a href=\"http:\/\/www.aps.dz\/sport\/94463-ligue-1-le-mc-oran-retombe-dans-ses-travers-cherif-el-ouezzani-crie-au-complot?utm_source=feedburner&#038;utm_medium=feed&#038;utm_campaign=Feed%3A+aps-sport+%28APS+-+SPORT%29\">Cliquez ici pour lire l&rsquo;article depuis sa source.<\/a><\/p>\n","protected":false},"excerpt":{"rendered":"<p>ORAN \u2013 Le MC Oran, auteur d\u2019un bon d\u00e9part en championnat de Ligue 1 de football, retombe dans ses travers, au moment o\u00f9 son directeur g\u00e9n\u00e9ral et entraineur en m\u00eame temps, Si Tahar Cherif El Ouezzani, crie au complot. \u00ab\u00a0J\u2019ai l\u2019impression que certains dans le club, plus pr\u00e9cis\u00e9ment des actionnaires dans la soci\u00e9t\u00e9 sportive du [&hellip;]<\/p>\n","protected":false},"author":1790,"featured_media":61329,"comment_status":"closed","ping_status":"closed","sticky":false,"template":"","format":"standard","meta":{"fifu_image_url":"","fifu_image_alt":"","footnotes":""},"categories":[53,75],"tags":[],"class_list":["post-61328","post","type-post","status-publish","format-standard","has-post-thumbnail","hentry","category-algerie","category-sport"],"_links":{"self":[{"href":"https:\/\/linitiative.ca\/International\/wp-json\/wp\/v2\/posts\/61328","targetHints":{"allow":["GET"]}}],"collection":[{"href":"https:\/\/linitiative.ca\/International\/wp-json\/wp\/v2\/posts"}],"about":[{"href":"https:\/\/linitiative.ca\/International\/wp-json\/wp\/v2\/types\/post"}],"author":[{"embeddable":true,"href":"https:\/\/linitiative.ca\/International\/wp-json\/wp\/v2\/users\/1790"}],"replies":[{"embeddable":true,"href":"https:\/\/linitiative.ca\/International\/wp-json\/wp\/v2\/comments?post=61328"}],"version-history":[{"count":0,"href":"https:\/\/linitiative.ca\/International\/wp-json\/wp\/v2\/posts\/61328\/revisions"}],"wp:featuredmedia":[{"embeddable":true,"href":"https:\/\/linitiative.ca\/International\/wp-json\/"}],"wp:attachment":[{"href":"https:\/\/linitiative.ca\/International\/wp-json\/wp\/v2\/media?parent=61328"}],"wp:term":[{"taxonomy":"category","embeddable":true,"href":"https:\/\/linitiative.ca\/International\/wp-json\/wp\/v2\/categories?post=61328"},{"taxonomy":"post_tag","embeddable":true,"href":"https:\/\/linitiative.ca\/International\/wp-json\/wp\/v2\/tags?post=61328"}],"curies":[{"name":"wp","href":"https:\/\/api.w.org\/{rel}","templated":true}]}}