{"id":61344,"date":"2019-09-16T07:59:00","date_gmt":"2019-09-16T11:59:00","guid":{"rendered":"https:\/\/linitiative.ca\/International\/macron-felicite-ennaceur-pour-la-reussite-du-premier-tour-de-lelection-presidentielle\/"},"modified":"2019-09-16T07:59:00","modified_gmt":"2019-09-16T11:59:00","slug":"macron-felicite-ennaceur-pour-la-reussite-du-premier-tour-de-lelection-presidentielle","status":"publish","type":"post","link":"https:\/\/linitiative.ca\/International\/macron-felicite-ennaceur-pour-la-reussite-du-premier-tour-de-lelection-presidentielle\/","title":{"rendered":"Macron f\u00e9licite Ennaceur pour la r\u00e9ussite du premier tour de l\u2019\u00e9lection pr\u00e9sidentielle"},"content":{"rendered":"<p>La France a adress\u00e9 ses f\u00e9licitations \u00e0 la Tunisie pour la tenue r\u00e9ussie, dimanche 15 septembre 2019, du premier tour de l&rsquo;\u00e9lection pr\u00e9sidentielle. Elle est persuad\u00e9e que le second tour permettra aux Tunisiens de choisir librement leur futur pr\u00e9sident dans l\u2019\u00e9galit\u00e9 des chances des deux candidats. C\u2019est ce qu\u2019a affirm\u00e9 le pr\u00e9sident Emanuel Macron lors d\u2019un entretien t\u00e9l\u00e9phonique qu\u2019il a eu lundi matin, avec son homologue tunisien le pr\u00e9sident Mohamed Ennaceur, apprend <span class=\"c2\"><strong>Leaders<\/strong><\/span> de bonne source proche de l\u2019Elys\u00e9e.<\/p>\n<p>\u00ab\u00a0Au lendemain du premier tour de l\u2019\u00e9lection pr\u00e9sidentielle, indique l&rsquo;Elys\u00e9e dans un communiqu\u00e9 publi\u00e9 lundi, il a salu\u00e9 la mobilisation d\u00e9mocratique des Tunisiens et rappel\u00e9 sa pleine confiance en la capacit\u00e9 de la Tunisie \u00e0 poursuivre dans la voie qu\u2019elle a choisie, dans le cadre d\u2019un scrutin impartial et \u00e9quitable.\u00a0\u00bb<\/p>\n<p>Premier chef d&rsquo;Etat \u00e0 f\u00e9lilciter la Tunisie, souligne-t-on, le pr\u00e9sident Macron qui a suivi avec attention tout au long de la journ\u00e9e du dimanche le d\u00e9roulement du scrutin en Tunisie n\u2019a pas manqu\u00e9 d\u2019exprimer son admiration pour cette avanc\u00e9e d\u00e9mocratique significative, qui s\u2019effectue dans la transparence et l\u2019int\u00e9grit\u00e9. Il est convaincu que le deuxi\u00e8me tour se d\u00e9roulera dans le m\u00eame esprit et la garantie des chances \u00e9gales, consolidant ainsi la d\u00e9mocratie tunisienne, ajoute la m\u00eame source.<\/p>\n<p>Par ailleurs, suite au d\u00e9c\u00e8s dimanche matin de la veuve du d\u00e9funt pr\u00e9sident Ca\u00efd Essebsi, le pr\u00e9sident Macron a charg\u00e9 l\u2019ambassadeur de France \u00e0 Tunis, Olivier Poivre d\u2019Arvor, de pr\u00e9senter ses condol\u00e9ances \u00e0 la famille Ca\u00efd Essebsi et de le repr\u00e9senter aux obs\u00e8ques, lundi matin.\u00a0<\/p>\n<h2>L&rsquo;hommage posthume \u00e0 Mme Ca\u00efd Essebsi<\/h2>\n<p>L\u2019Elys\u00e9e avait publi\u00e9 dimanche la d\u00e9claration suivante: Chadlia Sa\u00efda Farhat Ca\u00efd Essebsi, la veuve du d\u00e9funt Pr\u00e9sident B\u00e9ji Ca\u00efd Essebsi, est d\u00e9c\u00e9d\u00e9e ce matin \u00e0 l\u2019h\u00f4pital militaire de Tunis.<\/p>\n<p>Cinquante-trois jours apr\u00e8s le d\u00e9c\u00e8s du Pr\u00e9sident B\u00e9ji Ca\u00efd Essebsi, le 25 juillet, qui a provoqu\u00e9 l\u2019\u00e9lection pr\u00e9sidentielle anticip\u00e9e, et alors que les bureaux de vote du premier tour allaient s\u2019ouvrir en ce matin du dimanche 15 septembre, elle nous a quitt\u00e9s. Le Pr\u00e9sident de la R\u00e9publique adresse \u00e0 toutes les Tunisiennes et les Tunisiens l\u2019amiti\u00e9 du peuple fran\u00e7ais. Nous savons leur peine en ce moment et nous admirons leur attachement \u00e0 la libert\u00e9 et la d\u00e9mocratie. Le Pr\u00e9sident de la R\u00e9publique et son \u00e9pouse adressent \u00e0 la famille Essebsi leurs condol\u00e9ances sinc\u00e8res.<\/p>\n<p>Auteur:<br \/>\n<a href=\"https:\/\/www.leaders.com.tn\/article\/27981-macron-felicite-ennaceur-pour-la-reussite-du-premier-tour-de-l-election-presidentielle\">Cliquez ici pour lire l&rsquo;article depuis sa source.<\/a><\/p>\n","protected":false},"excerpt":{"rendered":"<p>La France a adress\u00e9 ses f\u00e9licitations \u00e0 la Tunisie pour la tenue r\u00e9ussie, dimanche 15 septembre 2019, du premier tour de l&rsquo;\u00e9lection pr\u00e9sidentielle. Elle est persuad\u00e9e que le second tour permettra aux Tunisiens de choisir librement leur futur pr\u00e9sident dans l\u2019\u00e9galit\u00e9 des chances des deux candidats. C\u2019est ce qu\u2019a affirm\u00e9 le pr\u00e9sident Emanuel Macron lors [&hellip;]<\/p>\n","protected":false},"author":1772,"featured_media":0,"comment_status":"closed","ping_status":"closed","sticky":false,"template":"","format":"standard","meta":{"fifu_image_url":"","fifu_image_alt":"","footnotes":""},"categories":[73,55],"tags":[],"class_list":["post-61344","post","type-post","status-publish","format-standard","hentry","category-actualite","category-tunisie"],"_links":{"self":[{"href":"https:\/\/linitiative.ca\/International\/wp-json\/wp\/v2\/posts\/61344","targetHints":{"allow":["GET"]}}],"collection":[{"href":"https:\/\/linitiative.ca\/International\/wp-json\/wp\/v2\/posts"}],"about":[{"href":"https:\/\/linitiative.ca\/International\/wp-json\/wp\/v2\/types\/post"}],"author":[{"embeddable":true,"href":"https:\/\/linitiative.ca\/International\/wp-json\/wp\/v2\/users\/1772"}],"replies":[{"embeddable":true,"href":"https:\/\/linitiative.ca\/International\/wp-json\/wp\/v2\/comments?post=61344"}],"version-history":[{"count":0,"href":"https:\/\/linitiative.ca\/International\/wp-json\/wp\/v2\/posts\/61344\/revisions"}],"wp:attachment":[{"href":"https:\/\/linitiative.ca\/International\/wp-json\/wp\/v2\/media?parent=61344"}],"wp:term":[{"taxonomy":"category","embeddable":true,"href":"https:\/\/linitiative.ca\/International\/wp-json\/wp\/v2\/categories?post=61344"},{"taxonomy":"post_tag","embeddable":true,"href":"https:\/\/linitiative.ca\/International\/wp-json\/wp\/v2\/tags?post=61344"}],"curies":[{"name":"wp","href":"https:\/\/api.w.org\/{rel}","templated":true}]}}