{"id":61345,"date":"2019-09-16T13:37:00","date_gmt":"2019-09-16T17:37:00","guid":{"rendered":"https:\/\/linitiative.ca\/International\/comment-kais-saied-a-appris-sa-victoire-album-photos\/"},"modified":"2019-09-16T13:37:00","modified_gmt":"2019-09-16T17:37:00","slug":"comment-kais-saied-a-appris-sa-victoire-album-photos","status":"publish","type":"post","link":"https:\/\/linitiative.ca\/International\/comment-kais-saied-a-appris-sa-victoire-album-photos\/","title":{"rendered":"Comment Ka\u00efs Sa\u00efed a appris sa victoire (Album photos)"},"content":{"rendered":"<p>Dimanche 15 septembre 19 H 55 minutes. Nous sommes dans le Q.G de <a href=\"https:\/\/www.leaders.com.tn\/article\/27968-qui-est-kais-saied-l-infatigable-marcheur-qui-a-emporte-le-premier-tour-de-la-presidentielle-en-tunisie-album-photos\" target=\"_blank\" rel=\"noopener noreferrer\">Ka\u00efs Sa\u00efed<\/a>, un petit trois pi\u00e8ces. Le candidat s&rsquo;est enferm\u00e9 dans son bureau alors que dans le salon, son staff attend impatiemment l&rsquo;annonce des r\u00e9sultats de l&rsquo;\u00e9lection pr\u00e9sidentielle. Il est 20 heures.On allume la t\u00e9l\u00e9. Le speaker apparait sur le petit \u00e9cran. Il explique qu&rsquo;il ne s&rsquo;agit pas d&rsquo;un sondage sur les intentions de vote, mais d&rsquo;estimations \u00e0 la sortie des urnes, puis commence \u00e0 \u00e9grener les r\u00e9sultats. Tout le monde retient son souffle. La photo de Ka\u00efs Saied apparait sur l&rsquo;\u00e9cran avec son score aux \u00e9lections de 19,5%\u00a0 suivi de Nabil\u00a0 Karoui 15,5% des voix. Sans tambour, ni trompettes, et \u00e0 la surprise g\u00e9n\u00e9rale, Ka\u00efs Sa\u00efed a r\u00e9ussi le meilleur score damant le pion aux superfavoris.<\/p>\n<p>C\u2019est l\u2019explosion de joie chez ses partisans. On danse, on sautille de bonheur, on se congratule et\u00a0 on erntonne l&rsquo;hymne national . De son bureau , Ka\u00efs Sa\u00efed entend des clameurs. Il en devine les raisons. Il n&rsquo;a jamais dout\u00e9 de sa victoire. Il se retient. Il n&rsquo;est pas homme \u00e0 s&rsquo;\u00e9pancher.Son bureau est envahi parles membres de son staff. Son premier et unique geste aura \u00e9t\u00e9 de prendre le drapeau et de le serrer contre son coeur.<\/p>\n<p>Auteur:<br \/>\n<a href=\"https:\/\/www.leaders.com.tn\/article\/27983-comment-kais-saied-a-appris-sa-victoire\">Cliquez ici pour lire l&rsquo;article depuis sa source.<\/a><\/p>\n","protected":false},"excerpt":{"rendered":"<p>Dimanche 15 septembre 19 H 55 minutes. Nous sommes dans le Q.G de Ka\u00efs Sa\u00efed, un petit trois pi\u00e8ces. Le candidat s&rsquo;est enferm\u00e9 dans son bureau alors que dans le salon, son staff attend impatiemment l&rsquo;annonce des r\u00e9sultats de l&rsquo;\u00e9lection pr\u00e9sidentielle. Il est 20 heures.On allume la t\u00e9l\u00e9. Le speaker apparait sur le petit \u00e9cran. [&hellip;]<\/p>\n","protected":false},"author":1772,"featured_media":0,"comment_status":"closed","ping_status":"closed","sticky":false,"template":"","format":"standard","meta":{"fifu_image_url":"","fifu_image_alt":"","footnotes":""},"categories":[73,55],"tags":[],"class_list":["post-61345","post","type-post","status-publish","format-standard","hentry","category-actualite","category-tunisie"],"_links":{"self":[{"href":"https:\/\/linitiative.ca\/International\/wp-json\/wp\/v2\/posts\/61345","targetHints":{"allow":["GET"]}}],"collection":[{"href":"https:\/\/linitiative.ca\/International\/wp-json\/wp\/v2\/posts"}],"about":[{"href":"https:\/\/linitiative.ca\/International\/wp-json\/wp\/v2\/types\/post"}],"author":[{"embeddable":true,"href":"https:\/\/linitiative.ca\/International\/wp-json\/wp\/v2\/users\/1772"}],"replies":[{"embeddable":true,"href":"https:\/\/linitiative.ca\/International\/wp-json\/wp\/v2\/comments?post=61345"}],"version-history":[{"count":0,"href":"https:\/\/linitiative.ca\/International\/wp-json\/wp\/v2\/posts\/61345\/revisions"}],"wp:attachment":[{"href":"https:\/\/linitiative.ca\/International\/wp-json\/wp\/v2\/media?parent=61345"}],"wp:term":[{"taxonomy":"category","embeddable":true,"href":"https:\/\/linitiative.ca\/International\/wp-json\/wp\/v2\/categories?post=61345"},{"taxonomy":"post_tag","embeddable":true,"href":"https:\/\/linitiative.ca\/International\/wp-json\/wp\/v2\/tags?post=61345"}],"curies":[{"name":"wp","href":"https:\/\/api.w.org\/{rel}","templated":true}]}}