{"id":61349,"date":"2019-09-16T06:00:00","date_gmt":"2019-09-16T10:00:00","guid":{"rendered":"https:\/\/linitiative.ca\/International\/plus-de-temps-pour-en-sortir-victorieux\/"},"modified":"2019-09-16T06:00:00","modified_gmt":"2019-09-16T10:00:00","slug":"plus-de-temps-pour-en-sortir-victorieux","status":"publish","type":"post","link":"https:\/\/linitiative.ca\/International\/plus-de-temps-pour-en-sortir-victorieux\/","title":{"rendered":"Plus de temps pour en sortir victorieux !"},"content":{"rendered":"<p class=\"c3\">Le panel aurait peut-\u00eatre eu quelque chance de faire aboutir ses propositions si le minimum avait \u00e9t\u00e9 conc\u00e9d\u00e9 \u00e0 la rue. Il se trouve que c\u2019est loin d\u2019\u00eatre le cas, puisque tout ce qui n\u2019est pas contr\u00f4l\u00e9 par le syst\u00e8me n\u2019a pas la moindre chance de faire recette.\u00a0<br \/>Ce n\u2019est pas la premi\u00e8re fois que l\u2019on en parle dans les milieux qui observent avec attention le bras de fer qui oppose une rue bien remont\u00e9e \u00e0 une autorit\u00e9 qui tient \u00e0 tout prix, on ne se demande m\u00eame plus pourquoi, \u00e0 encore se charger de l\u2019avenir de populations qui r\u00e9clament son retrait de la vie politique. Parmi ces observateurs, il y en a qui expliquent, arguments \u00e0 l\u2019appui, pourquoi, en haut lieu, on tient \u00e0 gagner du temps face \u00e0 une rue qui commence, pourtant, tout juste \u00e0 s\u2019organiser.\u00a0<br \/>Les marcheurs sont rebut\u00e9s par le fait que d\u2019aucuns ressentent un besoin plus urgent que d\u2019autres \u00e0 aller aux urnes. Une rue qui exprime \u00e0 haute voix l\u2019int\u00e9r\u00eat qu\u2019il y a \u00e0 assainir les institutions du pays et \u00e0 les remettre s\u00e9rieusement en marche pour mieux accueillir le changement. Quand le ver est dans le fruit, on dit qu\u2019\u00e9plucher ce dernier ne suffit pas.\u00a0<br \/>Pourquoi ce serait au syst\u00e8me d\u2019imposer une feuille de route et pourquoi se caler dessus ? On sait pourquoi le r\u00e9gime veut aller aux \u00e9lections. Ceux qui accordent leurs pas aux siens estiment que le pays ne peut pas se permettre une trop longue vacance. Certes ! Mais, est-ce que la rue, qui est encore dans le rejet, approuve la d\u00e9marche ? Ils nous feraient croire que leur seul souci est de servir le pays et les compatriotes, dont ils ne donnent pourtant pas l\u2019impression de se soucier. Pourquoi des hommes que l\u2019on aura maltrait\u00e9s et jet\u00e9s en p\u00e2ture \u00e0 l\u2019opinion publique tiennent-ils quand m\u00eame \u00e0 se montrer fid\u00e8les \u00e0 l\u2019\u00e9gard de ceux-l\u00e0 m\u00eames qui les auront, auparavant, tra\u00een\u00e9s dans la boue ? Pourquoi cette tendance, propre \u00e0 certains ex-hauts responsables bannis de la sc\u00e8ne publique, \u00e0 vouloir \u00e0 tout prix revenir aux affaires et reprendre du galon ?\u00a0 On pourra toujours les chasser de l\u00e0 ! Ils feront tout pour revenir y s\u00e9vir. Avec l\u2019aide de ceux-l\u00e0 m\u00eames\u00a0 qui, auparavant, auront contribu\u00e9 \u00e0 leur renvoi.\u00a0<br \/><em><strong>M. B.\u00a0<\/strong><\/em><\/p>\n<p>Auteur:<br \/>\n<a href=\"https:\/\/www.lesoirdalgerie.com\/soit-dit-en-passant\/plus-de-temps-pour-en-sortir-victorieux-30263\">Cliquez ici pour lire l&rsquo;article depuis sa source.<\/a><\/p>\n","protected":false},"excerpt":{"rendered":"<p>Le panel aurait peut-\u00eatre eu quelque chance de faire aboutir ses propositions si le minimum avait \u00e9t\u00e9 conc\u00e9d\u00e9 \u00e0 la rue. Il se trouve que c\u2019est loin d\u2019\u00eatre le cas, puisque tout ce qui n\u2019est pas contr\u00f4l\u00e9 par le syst\u00e8me n\u2019a pas la moindre chance de faire recette.\u00a0Ce n\u2019est pas la premi\u00e8re fois que l\u2019on [&hellip;]<\/p>\n","protected":false},"author":1741,"featured_media":0,"comment_status":"closed","ping_status":"closed","sticky":false,"template":"","format":"standard","meta":{"fifu_image_url":"","fifu_image_alt":"","footnotes":""},"categories":[73,53],"tags":[],"class_list":["post-61349","post","type-post","status-publish","format-standard","hentry","category-actualite","category-algerie"],"_links":{"self":[{"href":"https:\/\/linitiative.ca\/International\/wp-json\/wp\/v2\/posts\/61349","targetHints":{"allow":["GET"]}}],"collection":[{"href":"https:\/\/linitiative.ca\/International\/wp-json\/wp\/v2\/posts"}],"about":[{"href":"https:\/\/linitiative.ca\/International\/wp-json\/wp\/v2\/types\/post"}],"author":[{"embeddable":true,"href":"https:\/\/linitiative.ca\/International\/wp-json\/wp\/v2\/users\/1741"}],"replies":[{"embeddable":true,"href":"https:\/\/linitiative.ca\/International\/wp-json\/wp\/v2\/comments?post=61349"}],"version-history":[{"count":0,"href":"https:\/\/linitiative.ca\/International\/wp-json\/wp\/v2\/posts\/61349\/revisions"}],"wp:attachment":[{"href":"https:\/\/linitiative.ca\/International\/wp-json\/wp\/v2\/media?parent=61349"}],"wp:term":[{"taxonomy":"category","embeddable":true,"href":"https:\/\/linitiative.ca\/International\/wp-json\/wp\/v2\/categories?post=61349"},{"taxonomy":"post_tag","embeddable":true,"href":"https:\/\/linitiative.ca\/International\/wp-json\/wp\/v2\/tags?post=61349"}],"curies":[{"name":"wp","href":"https:\/\/api.w.org\/{rel}","templated":true}]}}