{"id":61353,"date":"2019-09-16T11:00:57","date_gmt":"2019-09-16T15:00:57","guid":{"rendered":"https:\/\/linitiative.ca\/International\/vienne-le-maroc-elu-vice-president-de-la-63e-conference-generale-de-laiea\/"},"modified":"2019-09-16T11:00:57","modified_gmt":"2019-09-16T15:00:57","slug":"vienne-le-maroc-elu-vice-president-de-la-63e-conference-generale-de-laiea","status":"publish","type":"post","link":"https:\/\/linitiative.ca\/International\/vienne-le-maroc-elu-vice-president-de-la-63e-conference-generale-de-laiea\/","title":{"rendered":"Vienne : Le Maroc \u00e9lu vice-pr\u00e9sident de la 63\u00e8 Conf\u00e9rence g\u00e9n\u00e9rale de l\u2019AIEA"},"content":{"rendered":"<p><strong>Le Maroc a \u00e9t\u00e9 \u00e9lu, lundi \u00e0 Vienne, \u00e0 la vice-pr\u00e9sidence de la 63\u00e8 Conf\u00e9rence g\u00e9n\u00e9rale de l\u2019Agence internationale de l\u2019\u00e9nergie atomique (AIEA), en tant que repr\u00e9sentant du continent africain.<\/strong><\/p>\n<div class=\"c10\"\/>\n<p>L\u2019\u00e9lection du Maroc \u00e0 la vice-pr\u00e9sidence de la 63\u00e8 Conf\u00e9rence g\u00e9n\u00e9rale de l\u2019AIEA constitue une reconnaissance de sa contribution riche, diversifi\u00e9e et multiforme aux efforts internationaux visant \u00e0 renforcer le r\u00e9gime international de la s\u00e9curit\u00e9 et de la <strong>s\u00fbret\u00e9 nucl\u00e9aires et radiologiques<\/strong>.<\/p>\n<p>La d\u00e9l\u00e9gation marocaine participant \u00e0 cet \u00e9v\u00e9nement est pr\u00e9sid\u00e9e par l\u2019ambassadeur repr\u00e9sentant permanent du Maroc aupr\u00e8s des Organisations internationales \u00e0 Vienne, Azzedine Farhane, et comprend notamment le secr\u00e9taire g\u00e9n\u00e9ral du minist\u00e8re de l\u2019Energie, des mines et du d\u00e9veloppement durable, Mohamed Ghazali, le directeur de l\u2019Agence marocaine de s\u00fbret\u00e9 et de s\u00e9curit\u00e9 nucl\u00e9aires et radiologiques, El Khammar Mrabit, le directeur du Centre national de l\u2019\u00e9nergie, des sciences et des technologies nucl\u00e9aires, Khalid El Mediouri, ainsi que plusieurs responsables de d\u00e9partements minist\u00e9riels.<\/p>\n<p>La participation du <strong>Maroc<\/strong> \u00e0 cette conf\u00e9rence, qui se poursuivra jusqu\u2019au 20 septembre, vise notamment \u00e0 mettre en avant son exp\u00e9rience dans le domaine de l\u2019utilisation pacifique des technologies nucl\u00e9aires et sa disposition \u00e0 partager cette exp\u00e9rience avec les pays africains et les membres de l\u2019AIEA dans le cadre d\u2019une coop\u00e9ration sud-sud tripartite efficace et solidaire.<\/p>\n<p>Le <strong>Mexique<\/strong> a \u00e9t\u00e9 \u00e9lu pour assurer la pr\u00e9sidence de la Conf\u00e9rence g\u00e9n\u00e9rale de l\u2019AIEA, qui est l\u2019organe supr\u00eame charg\u00e9 de la formulation et de la mise en \u0153uvre des politiques de l\u2019agence. Au cours de cette conf\u00e9rence, les responsables \u00e9tatiques et les repr\u00e9sentants de l\u2019AIEA examineront diverses questions li\u00e9es notamment \u00e0 la s\u00e9curit\u00e9 nucl\u00e9aire et radiologique, au renforcement des activit\u00e9s de l\u2019AIEA dans les domaines des sciences et des technologies nucl\u00e9aires et aux activit\u00e9s de coop\u00e9ration technique de l\u2019agence.<\/p>\n<div class=\"c17\">\n<fieldset class=\"c16\">\n<legend><strong><span class=\"c11\">Challenge<\/span><span class=\"c12\">news<\/span><\/strong><\/legend>\n<div class=\"c15\">Le meilleur de la r\u00e9daction s\u00e9lectionn\u00e9 par Challenge :<\/p>\n<\/div>\n<\/fieldset>\n<\/div>\n<p>Auteur: challenge<br \/>\n<a href=\"https:\/\/www.challenge.ma\/vienne-le-maroc-elu-vice-president-de-la-63e-conference-generale-de-laiea-117458\/\">Cliquez ici pour lire l&rsquo;article depuis sa source.<\/a><\/p>\n","protected":false},"excerpt":{"rendered":"<p>Le Maroc a \u00e9t\u00e9 \u00e9lu, lundi \u00e0 Vienne, \u00e0 la vice-pr\u00e9sidence de la 63\u00e8 Conf\u00e9rence g\u00e9n\u00e9rale de l\u2019Agence internationale de l\u2019\u00e9nergie atomique (AIEA), en tant que repr\u00e9sentant du continent africain. L\u2019\u00e9lection du Maroc \u00e0 la vice-pr\u00e9sidence de la 63\u00e8 Conf\u00e9rence g\u00e9n\u00e9rale de l\u2019AIEA constitue une reconnaissance de sa contribution riche, diversifi\u00e9e et multiforme aux efforts [&hellip;]<\/p>\n","protected":false},"author":1787,"featured_media":0,"comment_status":"closed","ping_status":"closed","sticky":false,"template":"","format":"standard","meta":{"fifu_image_url":"","fifu_image_alt":"","footnotes":""},"categories":[78,54],"tags":[],"class_list":["post-61353","post","type-post","status-publish","format-standard","hentry","category-economie","category-maroc"],"_links":{"self":[{"href":"https:\/\/linitiative.ca\/International\/wp-json\/wp\/v2\/posts\/61353","targetHints":{"allow":["GET"]}}],"collection":[{"href":"https:\/\/linitiative.ca\/International\/wp-json\/wp\/v2\/posts"}],"about":[{"href":"https:\/\/linitiative.ca\/International\/wp-json\/wp\/v2\/types\/post"}],"author":[{"embeddable":true,"href":"https:\/\/linitiative.ca\/International\/wp-json\/wp\/v2\/users\/1787"}],"replies":[{"embeddable":true,"href":"https:\/\/linitiative.ca\/International\/wp-json\/wp\/v2\/comments?post=61353"}],"version-history":[{"count":0,"href":"https:\/\/linitiative.ca\/International\/wp-json\/wp\/v2\/posts\/61353\/revisions"}],"wp:attachment":[{"href":"https:\/\/linitiative.ca\/International\/wp-json\/wp\/v2\/media?parent=61353"}],"wp:term":[{"taxonomy":"category","embeddable":true,"href":"https:\/\/linitiative.ca\/International\/wp-json\/wp\/v2\/categories?post=61353"},{"taxonomy":"post_tag","embeddable":true,"href":"https:\/\/linitiative.ca\/International\/wp-json\/wp\/v2\/tags?post=61353"}],"curies":[{"name":"wp","href":"https:\/\/api.w.org\/{rel}","templated":true}]}}