{"id":61354,"date":"2019-09-16T11:43:05","date_gmt":"2019-09-16T15:43:05","guid":{"rendered":"https:\/\/linitiative.ca\/International\/maroc-la-cour-des-comptes-met-a-nu-les-defaillances-des-prisons\/"},"modified":"2019-09-16T11:43:05","modified_gmt":"2019-09-16T15:43:05","slug":"maroc-la-cour-des-comptes-met-a-nu-les-defaillances-des-prisons","status":"publish","type":"post","link":"https:\/\/linitiative.ca\/International\/maroc-la-cour-des-comptes-met-a-nu-les-defaillances-des-prisons\/","title":{"rendered":"Maroc : La Cour des comptes met \u00e0 nu les d\u00e9faillances des prisons"},"content":{"rendered":"<p><strong>Le rapport de la Cour des comptes de 2018 continue de faire des remous. Publi\u00e9 mercredi dernier par Driss Jettou, le rapport examine, entre autres, les conditions de d\u00e9tention des prisonniers et met \u00e0 nu les d\u00e9ficiences de l\u2019infrastructure globale du syst\u00e8me p\u00e9nitentiaire.<\/strong><\/p>\n<div class=\"c10\"\/>\n<p><strong>Jettou<\/strong> a constat\u00e9 que la participation des directions r\u00e9gionales \u00e0 la gestion des \u00e9tablissements p\u00e9nitentiaires \u00e9tait \u00abfaible\u00bb soulignant le manque flagrant de ressources humaines. En effet, le tribunal a reproch\u00e9 \u00e0 la D\u00e9l\u00e9gation g\u00e9n\u00e9rale pour l\u2019administration p\u00e9nitentiaire et la r\u00e9int\u00e9gration (DGAPR) de ne pas avoir assez de main-d\u2019\u0153uvre pour g\u00e9rer les prisons.<\/p>\n<p>Selon le rapport, \u00ab\u00a0la <strong>DGAPR<\/strong> souffre d\u2019une supervision insuffisante au sein des \u00e9tablissements p\u00e9nitentiaires\u00a0\u00bb, soulignant la diff\u00e9rence significative entre le nombre de membres du personnel et la population carc\u00e9rale. Le rapport a \u00e9galement constat\u00e9 des retards dans la soumission des documents pour les travaux de construction des prisons. \u00ab\u00a0Trois \u00e9tablissements p\u00e9nitentiaires ont \u00e9t\u00e9 affect\u00e9s \u00e0 la m\u00eame entreprise dans le cadre d\u2019appels d\u2019offres ouverts.\u00a0\u00bb Les trois <strong>prisons<\/strong> ont \u00e9t\u00e9 mises en service \u00e0 Asilah, Berkane et Oujda. La soci\u00e9t\u00e9 qui a annonc\u00e9 sa faillite a donc arr\u00eat\u00e9 ses travaux de construction, qui ont d\u00e9but\u00e9 en 2015. \u00ab\u00a0Ces projets sont actuellement en cours apr\u00e8s que d\u2019autres soci\u00e9t\u00e9s ont pris le relais.\u00a0\u00bb<\/p>\n<p>Lire aussi : <a href=\"https:\/\/www.challenge.ma\/cour-des-comptes-concentration-des-recettes-fiscales-sur-un-nombre-limite-de-contribuables-117363\/\">Cour des comptes : concentration des recettes fiscales sur un nombre limit\u00e9 de contribuables<\/a><\/p>\n<p>Le proc\u00e8s-verbal de la cour a ajout\u00e9 que les visites sur le terrain dans certaines institutions p\u00e9nitentiaires r\u00e9v\u00e8lent \u00ab\u00a0des lacunes dans l\u2019infrastructure\u00a0\u00bb. Les conclusions ont pr\u00e9cis\u00e9 l\u2019absence de zones de s\u00e9curit\u00e9 autour du p\u00e9rim\u00e8tre de la plupart des institutions p\u00e9nitentiaires.<\/p>\n<p>\u00abMalgr\u00e9 l\u2019importance de ces infrastructures dans le syst\u00e8me de s\u00e9curit\u00e9 des \u00e9tablissements p\u00e9nitentiaires, le plan d\u2019action conforme \u00e0 la strat\u00e9gie de protection de la s\u00e9curit\u00e9 n\u2019inclut aucune action visant \u00e0 rem\u00e9dier \u00e0 ces probl\u00e8mes afin que les infrastructures r\u00e9pondent aux normes internationales.\u00bb<\/p>\n<p>Le pr\u00e9sident de la Cour des comptes a par ailleurs abord\u00e9 le manque d\u2019\u00e9quipements de surveillance \u00e9lectronique pour lutter contre la contrebande de produits ill\u00e9gaux dans la prison. Le rapport indique que l\u2019examen des donn\u00e9es sur la gestion des dispositifs de <strong>surveillance<\/strong> \u00e9lectronique pour lutter contre les produits contrefaits a permis \u00ab\u00a0d\u2019identifier de graves p\u00e9nuries de tels \u00e9quipements\u00a0\u00bb.<\/p>\n<p>Les examens ont r\u00e9v\u00e9l\u00e9 que 39 prisons n\u2019avaient pas de d\u00e9tecteur de radiations. Les d\u00e9tecteurs disponibles ne r\u00e9pondent pas aux exigences de surveillance. Aussi, de nombreuses prisons sont d\u00e9pourvues de d\u00e9tecteurs de m\u00e9taux. Au total, 58 d\u2019entre elles ne poss\u00e8dent pas de d\u00e9tecteur de m\u00e9taux. Le rapport du tribunal indique que 68% des infractions commises dans les \u00e9tablissements p\u00e9nitentiaires au cours de la p\u00e9riode 2013-2017 sont li\u00e9es \u00e0 la possession de substances ill\u00e9gales. Selon les conclusions de la cour, seuls 30,42% des \u00e9tablissements p\u00e9nitentiaires disposent de syst\u00e8mes de vid\u00e9osurveillance.<\/p>\n<p>Le rapport montre que les prisonniers risquent toujours d\u2019\u00eatre \u00e9touff\u00e9s en cas d\u2019incendie dans les locaux de la prison. \u00ab\u00a0Les donn\u00e9es sur le mat\u00e9riel de lutte contre l\u2019incendie ont prouv\u00e9 que les \u00e9tablissements p\u00e9nitentiaires souffrent toujours de plusieurs faiblesses qui limitent l\u2019efficacit\u00e9 de ces dispositifs.\u00a0\u00bb<\/p>\n<p>\u00a0Les visites sur le terrain \u00e0 la prison ont montr\u00e9 la persistance de mat\u00e9riaux inflammables utilis\u00e9s dans les cellules, y compris les lits. Le rapport indique que l\u2019espace moyen allou\u00e9 \u00e0 chaque prisonnier est d\u2019environ 1,8 m\u00e8tre carr\u00e9. Or, selon les normes internationales, les prisonniers devraient avoir 3 m\u00e8tres carr\u00e9s.<\/p>\n<div class=\"c17\">\n<fieldset class=\"c16\">\n<legend><strong><span class=\"c11\">Challenge<\/span><span class=\"c12\">news<\/span><\/strong><\/legend>\n<div class=\"c15\">Le meilleur de la r\u00e9daction s\u00e9lectionn\u00e9 par Challenge :<\/p>\n<\/div>\n<\/fieldset>\n<\/div>\n<p>Auteur: Hassan Manyani<br \/>\n<a href=\"https:\/\/www.challenge.ma\/maroc-la-cour-des-comptes-met-a-nu-les-defaillances-des-prisons-117469\/\">Cliquez ici pour lire l&rsquo;article depuis sa source.<\/a><\/p>\n","protected":false},"excerpt":{"rendered":"<p>Le rapport de la Cour des comptes de 2018 continue de faire des remous. Publi\u00e9 mercredi dernier par Driss Jettou, le rapport examine, entre autres, les conditions de d\u00e9tention des prisonniers et met \u00e0 nu les d\u00e9ficiences de l\u2019infrastructure globale du syst\u00e8me p\u00e9nitentiaire. Jettou a constat\u00e9 que la participation des directions r\u00e9gionales \u00e0 la gestion [&hellip;]<\/p>\n","protected":false},"author":1787,"featured_media":0,"comment_status":"closed","ping_status":"closed","sticky":false,"template":"","format":"standard","meta":{"fifu_image_url":"","fifu_image_alt":"","footnotes":""},"categories":[78,54],"tags":[],"class_list":["post-61354","post","type-post","status-publish","format-standard","hentry","category-economie","category-maroc"],"_links":{"self":[{"href":"https:\/\/linitiative.ca\/International\/wp-json\/wp\/v2\/posts\/61354","targetHints":{"allow":["GET"]}}],"collection":[{"href":"https:\/\/linitiative.ca\/International\/wp-json\/wp\/v2\/posts"}],"about":[{"href":"https:\/\/linitiative.ca\/International\/wp-json\/wp\/v2\/types\/post"}],"author":[{"embeddable":true,"href":"https:\/\/linitiative.ca\/International\/wp-json\/wp\/v2\/users\/1787"}],"replies":[{"embeddable":true,"href":"https:\/\/linitiative.ca\/International\/wp-json\/wp\/v2\/comments?post=61354"}],"version-history":[{"count":0,"href":"https:\/\/linitiative.ca\/International\/wp-json\/wp\/v2\/posts\/61354\/revisions"}],"wp:attachment":[{"href":"https:\/\/linitiative.ca\/International\/wp-json\/wp\/v2\/media?parent=61354"}],"wp:term":[{"taxonomy":"category","embeddable":true,"href":"https:\/\/linitiative.ca\/International\/wp-json\/wp\/v2\/categories?post=61354"},{"taxonomy":"post_tag","embeddable":true,"href":"https:\/\/linitiative.ca\/International\/wp-json\/wp\/v2\/tags?post=61354"}],"curies":[{"name":"wp","href":"https:\/\/api.w.org\/{rel}","templated":true}]}}