{"id":61356,"date":"2019-09-16T11:55:43","date_gmt":"2019-09-16T15:55:43","guid":{"rendered":"https:\/\/linitiative.ca\/International\/video-affaire-rades-le-wac-saisit-de-nouveau-le-tas\/"},"modified":"2019-09-16T11:55:43","modified_gmt":"2019-09-16T15:55:43","slug":"video-affaire-rades-le-wac-saisit-de-nouveau-le-tas","status":"publish","type":"post","link":"https:\/\/linitiative.ca\/International\/video-affaire-rades-le-wac-saisit-de-nouveau-le-tas\/","title":{"rendered":"Vid\u00e9o. Affaire Rad\u00e8s : le WAC saisit de nouveau le TAS"},"content":{"rendered":"<p><strong>Le Wydad de Casablanca a d\u00e9cid\u00e9 de retourner devant le Tribunal arbitral du sport (TAS), ce que confirme bien Said Naciri, pr\u00e9sident du WAC, \u00e0 MFM Sport.<\/strong><\/p>\n<div class=\"c10\"\/>\n<p>La commission d\u2019appel avait d\u00e9cid\u00e9 de r\u00e9voquer la d\u00e9cision du comit\u00e9 de discipline de la Conf\u00e9d\u00e9ration africaine de football (CAF) confirmant ainsi le retrait de l\u2019\u00e9quipe des rouges et blancs de la finale de la Champions League en consid\u00e9rant l\u2019Esp\u00e9rance de Tunis \u00ab\u00a0Champion\u00a0\u00bb.<\/p>\n<div class=\"wp-block-embed__wrapper\"><iframe loading=\"lazy\" title=\"\u062d\u0635\u0631\u064a\u0627.. \u0633\u0639\u064a\u062f \u0627\u0644\u0646\u0627\u0635\u064a\u0631\u064a: \u0645\u0632\u0627\u0644 \u063a\u0646\u062a\u0627\u062e\u062f\u0648 \u0627\u0644\u0627\u062c\u0631\u0621\u0627\u062a \u0628\u0639\u062f \u0642\u0631\u0627\u0631 \u0627\u0644\u0643\u0627\u0641 \u0648\u063a\u0646\u062f\u062e\u0644\u0648 \u0644\u0627\u0655\u0639\u0627\u062f\u0629 \u0627\u0644\u062c\u0645\u0627\u0647\u064a\u0631 \u0645\u0646 \u0645\u0648\u0631\u064a\u062a\u0627\u0646\u064a\u0627\" width=\"1140\" height=\"641\" src=\"https:\/\/www.youtube.com\/embed\/-B9ACYsKIm4?feature=oembed\" frameborder=\"0\" allow=\"accelerometer; autoplay; encrypted-media; gyroscope; picture-in-picture\" allowfullscreen=\"\">[embedded content]<\/iframe><\/div>\n<p>Selon l\u2019article 48 des lois de la CAF, la d\u00e9cision du comit\u00e9 d\u2019appel rendue hier peut \u00e0 son tour \u00eatre port\u00e9e en appel devant la Cour d\u2019arbitrage sportif (TAS) dans un d\u00e9lai de 10 jours \u00e0 compter de la date \u00e0 laquelle la d\u00e9cision a \u00e9t\u00e9 rendue.<\/p>\n<p>Selon la communication de la CAF, la commission de recours a confirm\u00e9 que \u00ab\u00a0le fait que l\u2019arbitre assistant n\u2019ait aucun effet juridique et que son seul objectif est d\u2019aider l\u2019arbitre \u00e0 prendre la bonne d\u00e9cision\u2026 et que l\u2019arbitre ait le pouvoir de prendre la d\u00e9cision finale sur le terrain depuis le d\u00e9but du match, la d\u00e9cision n\u2019est pas sujette \u00e0 r\u00e9vision par le Comit\u00e9 des griefs. \u00ab\u00a0<\/p>\n<p>\u00ab\u00a0Les rapports des arbitres du match \u00e9taient tr\u00e8s clairs et les joueurs du WAC ont refus\u00e9 de reprendre le match, m\u00eame apr\u00e8s de nombreuses tentatives de l\u2019arbitre, au point qu\u2019il a attendu pr\u00e8s de 90 minutes avant le coup de sifflet final\u00a0\u00bb, ajoute le rapport.<\/p>\n<div class=\"wp-block-embed__wrapper\"><iframe loading=\"lazy\" title=\"\u0641\u0648\u0632\u064a \u0644\u0642\u062c\u0639: \u0642\u0631\u064a\u0628\u0627 \u0633\u0627\u0654\u0643\u0634\u0641 \u062e\u0628\u0627\u064a\u0627 \u0641\u0633\u0627\u062f \u0627\u0644\u0643\u0627\u0641 \u0648\u0627\u0644\u0648\u062f\u0627\u062f \u062a\u0639\u0631\u0636 \u0644\u0644\u0638\u0644\u0645\" width=\"1140\" height=\"641\" src=\"https:\/\/www.youtube.com\/embed\/qGIzXJDtUMA?feature=oembed\" frameborder=\"0\" allow=\"accelerometer; autoplay; encrypted-media; gyroscope; picture-in-picture\" allowfullscreen=\"\">[embedded content]<\/iframe><\/div>\n<div class=\"c17\">\n<fieldset class=\"c16\">\n<legend><strong><span class=\"c11\">Challenge<\/span><span class=\"c12\">news<\/span><\/strong><\/legend>\n<div class=\"c15\">Le meilleur de la r\u00e9daction s\u00e9lectionn\u00e9 par Challenge :<\/p>\n<\/div>\n<\/fieldset>\n<\/div>\n<p>Auteur: Hajar DARI<br \/>\n<a href=\"https:\/\/www.challenge.ma\/video-affaire-rades-le-wac-saisit-de-nouveau-le-tas-117468\/\">Cliquez ici pour lire l&rsquo;article depuis sa source.<\/a><\/p>\n","protected":false},"excerpt":{"rendered":"<p>Le Wydad de Casablanca a d\u00e9cid\u00e9 de retourner devant le Tribunal arbitral du sport (TAS), ce que confirme bien Said Naciri, pr\u00e9sident du WAC, \u00e0 MFM Sport. La commission d\u2019appel avait d\u00e9cid\u00e9 de r\u00e9voquer la d\u00e9cision du comit\u00e9 de discipline de la Conf\u00e9d\u00e9ration africaine de football (CAF) confirmant ainsi le retrait de l\u2019\u00e9quipe des rouges [&hellip;]<\/p>\n","protected":false},"author":1787,"featured_media":0,"comment_status":"closed","ping_status":"closed","sticky":false,"template":"","format":"standard","meta":{"fifu_image_url":"","fifu_image_alt":"","footnotes":""},"categories":[78,54],"tags":[],"class_list":["post-61356","post","type-post","status-publish","format-standard","hentry","category-economie","category-maroc"],"_links":{"self":[{"href":"https:\/\/linitiative.ca\/International\/wp-json\/wp\/v2\/posts\/61356","targetHints":{"allow":["GET"]}}],"collection":[{"href":"https:\/\/linitiative.ca\/International\/wp-json\/wp\/v2\/posts"}],"about":[{"href":"https:\/\/linitiative.ca\/International\/wp-json\/wp\/v2\/types\/post"}],"author":[{"embeddable":true,"href":"https:\/\/linitiative.ca\/International\/wp-json\/wp\/v2\/users\/1787"}],"replies":[{"embeddable":true,"href":"https:\/\/linitiative.ca\/International\/wp-json\/wp\/v2\/comments?post=61356"}],"version-history":[{"count":0,"href":"https:\/\/linitiative.ca\/International\/wp-json\/wp\/v2\/posts\/61356\/revisions"}],"wp:attachment":[{"href":"https:\/\/linitiative.ca\/International\/wp-json\/wp\/v2\/media?parent=61356"}],"wp:term":[{"taxonomy":"category","embeddable":true,"href":"https:\/\/linitiative.ca\/International\/wp-json\/wp\/v2\/categories?post=61356"},{"taxonomy":"post_tag","embeddable":true,"href":"https:\/\/linitiative.ca\/International\/wp-json\/wp\/v2\/tags?post=61356"}],"curies":[{"name":"wp","href":"https:\/\/api.w.org\/{rel}","templated":true}]}}