{"id":61364,"date":"2019-09-16T17:12:49","date_gmt":"2019-09-16T21:12:49","guid":{"rendered":"https:\/\/linitiative.ca\/International\/tunisie-calendrier-des-vacances-de-lannee-scolaire-qui-demarre-demain\/"},"modified":"2019-09-16T17:12:49","modified_gmt":"2019-09-16T21:12:49","slug":"tunisie-calendrier-des-vacances-de-lannee-scolaire-qui-demarre-demain","status":"publish","type":"post","link":"https:\/\/linitiative.ca\/International\/tunisie-calendrier-des-vacances-de-lannee-scolaire-qui-demarre-demain\/","title":{"rendered":"Tunisie \u2013 Calendrier des vacances de l\u2019ann\u00e9e scolaire qui d\u00e9marre demain"},"content":{"rendered":"<div class=\"post-cont-in left relative\">\n<div class=\"swp_social_panel swp_horizontal_panel swp_flat_fresh swp_default_full_color swp_individual_full_color swp_other_full_color scale-100 scale-\" data-min-width=\"1100\" data-float-color=\"#ffffff\" data-float=\"none\" data-float-mobile=\"none\" data-transition=\"slide\">\n<div class=\"nc_tweetContainer swp_share_button total_shares total_sharesalt\"><span class=\"swp_count\">1 <span class=\"swp_label\">Partages<\/span><\/span><\/div>\n<\/div>\n<p>La rentr\u00e9e scolaire aura lieu demain, le mardi 17 septembre, \u00e9lections pr\u00e9sidentielles obligent. Certains parents et beaucoup d\u2019\u00e9l\u00e8ves s\u2019int\u00e9ressent d\u00e9j\u00e0, aux vacances scolaires qui auront lieu comme suit\u00a0:<\/p>\n<ul>\n<li>Le mardi 15 octobre\u00a0: F\u00eate de l\u2019\u00e9vacuation<\/li>\n<li>Du lundi 28 octobre au dimanche 3 novembre\u00a0: Vacances de la moiti\u00e9 du premier trimestre<\/li>\n<li>Le Mouled dont la date sera fix\u00e9e selon le calendrier lunaire.<\/li>\n<li>Du 16 d\u00e9cembre 2019 au 1<sup>er<\/sup> janvier 2020\u00a0: Vacances d\u2019hiver et f\u00eates de fin d\u2019ann\u00e9e.<\/li>\n<li>Le mardi 14 janvier\u00a0: F\u00eate de la r\u00e9volution et de la jeunesse.<\/li>\n<li>Du 3 f\u00e9vrier au 9 f\u00e9vrier\u00a0: Vacances de la moiti\u00e9 du deuxi\u00e8me trimestre.<\/li>\n<li>Du 16 mars au 29 mars\u00a0: Vacances du printemps.<\/li>\n<li>Le 9 avril\u00a0: F\u00eate des martyrs.<\/li>\n<li>Le 1<sup>er<\/sup> mai\u00a0: f\u00eate du travail.<\/li>\n<li>3 jours \u00e0 d\u00e9terminer\u00a0: f\u00eates de l\u2019A\u00efd Al Fitr.<\/li>\n<\/ul>\n<p><strong>Que se passe-t-il en Tunisie?<\/strong><br \/>Nous expliquons sur notre <a href=\"https:\/\/www.youtube.com\/channel\/UCRzypVq0B_yBad5eGrwBx0Q?sub_confirmation=1\" target=\"_blank\" rel=\"noopener noreferrer\">cha\u00eene YouTube<\/a> . <a href=\"https:\/\/www.youtube.com\/channel\/UCRzypVq0B_yBad5eGrwBx0Q?sub_confirmation=1\" target=\"_blank\" rel=\"noopener noreferrer\">Abonnez-vous!<\/a><\/p>\n<div class=\"mvp-org-wrap mvp-org-logo\" itemprop=\"publisher\" itemscope=\"\" itemtype=\"https:\/\/schema.org\/Organization\">\n<p><img decoding=\"async\" src=\"https:\/\/www.tunisienumerique.com\/wp-content\/uploads\/2017\/02\/logo_tunisie_numerique.png\"\/><\/p>\n<\/div>\n<div class=\"swp_social_panel swp_horizontal_panel swp_flat_fresh swp_default_full_color swp_individual_full_color swp_other_full_color scale-100 scale-\" data-min-width=\"1100\" data-float-color=\"#ffffff\" data-float=\"none\" data-float-mobile=\"none\" data-transition=\"slide\">\n<div class=\"nc_tweetContainer swp_share_button total_shares total_sharesalt\"><span class=\"swp_count\">1 <span class=\"swp_label\">Partages<\/span><\/span><\/div>\n<\/div>\n<div class=\"mvp-related-posts left relative\">\n<h4 class=\"post-header\"><span class=\"post-header\">Lire aussi<\/span><\/h4>\n<\/div>\n<\/div>\n<p>Auteur: LM<br \/>\n<a href=\"https:\/\/www.tunisienumerique.com\/tunisie-calendrier-des-vacances-de-lannee-scolaire-qui-demarre-demain\/\">Cliquez ici pour lire l&rsquo;article depuis sa source.<\/a><\/p>\n","protected":false},"excerpt":{"rendered":"<p>1 Partages La rentr\u00e9e scolaire aura lieu demain, le mardi 17 septembre, \u00e9lections pr\u00e9sidentielles obligent. Certains parents et beaucoup d\u2019\u00e9l\u00e8ves s\u2019int\u00e9ressent d\u00e9j\u00e0, aux vacances scolaires qui auront lieu comme suit\u00a0: Le mardi 15 octobre\u00a0: F\u00eate de l\u2019\u00e9vacuation Du lundi 28 octobre au dimanche 3 novembre\u00a0: Vacances de la moiti\u00e9 du premier trimestre Le Mouled dont [&hellip;]<\/p>\n","protected":false},"author":1789,"featured_media":61365,"comment_status":"closed","ping_status":"closed","sticky":false,"template":"","format":"standard","meta":{"fifu_image_url":"","fifu_image_alt":"","footnotes":""},"categories":[73,55],"tags":[],"class_list":["post-61364","post","type-post","status-publish","format-standard","has-post-thumbnail","hentry","category-actualite","category-tunisie"],"_links":{"self":[{"href":"https:\/\/linitiative.ca\/International\/wp-json\/wp\/v2\/posts\/61364","targetHints":{"allow":["GET"]}}],"collection":[{"href":"https:\/\/linitiative.ca\/International\/wp-json\/wp\/v2\/posts"}],"about":[{"href":"https:\/\/linitiative.ca\/International\/wp-json\/wp\/v2\/types\/post"}],"author":[{"embeddable":true,"href":"https:\/\/linitiative.ca\/International\/wp-json\/wp\/v2\/users\/1789"}],"replies":[{"embeddable":true,"href":"https:\/\/linitiative.ca\/International\/wp-json\/wp\/v2\/comments?post=61364"}],"version-history":[{"count":0,"href":"https:\/\/linitiative.ca\/International\/wp-json\/wp\/v2\/posts\/61364\/revisions"}],"wp:featuredmedia":[{"embeddable":true,"href":"https:\/\/linitiative.ca\/International\/wp-json\/"}],"wp:attachment":[{"href":"https:\/\/linitiative.ca\/International\/wp-json\/wp\/v2\/media?parent=61364"}],"wp:term":[{"taxonomy":"category","embeddable":true,"href":"https:\/\/linitiative.ca\/International\/wp-json\/wp\/v2\/categories?post=61364"},{"taxonomy":"post_tag","embeddable":true,"href":"https:\/\/linitiative.ca\/International\/wp-json\/wp\/v2\/tags?post=61364"}],"curies":[{"name":"wp","href":"https:\/\/api.w.org\/{rel}","templated":true}]}}