{"id":61373,"date":"2019-09-16T14:18:04","date_gmt":"2019-09-16T18:18:04","guid":{"rendered":"https:\/\/linitiative.ca\/International\/guinee-quiproquo-a-la-ceni-sur-la-date-des-legislatives\/"},"modified":"2019-09-16T14:18:04","modified_gmt":"2019-09-16T18:18:04","slug":"guinee-quiproquo-a-la-ceni-sur-la-date-des-legislatives","status":"publish","type":"post","link":"https:\/\/linitiative.ca\/International\/guinee-quiproquo-a-la-ceni-sur-la-date-des-legislatives\/","title":{"rendered":"Guin\u00e9e : quiproquo \u00e0 la CENI sur la date des l\u00e9gislatives"},"content":{"rendered":"<div readability=\"32\">\n<p>Publi\u00e9 le 16.09.2019 \u00e0 19h18 par APA News<\/p>\n<\/div>\n<div readability=\"66\">\n<p>Quelques heures apr\u00e8s l\u2019annonce du pr\u00e9sident de la Commission \u00e9lectorale nationale ind\u00e9pendante (CENI) ce lundi, proposant la tenue des \u00e9lections l\u00e9gislatives le 28 d\u00e9cembre 2019, les sept commissaires issus de l\u2019opposition membres de l\u2019institution rejettent la date.Dans une d\u00e9claration \u00e0 la presse, les sept commissaires ont indiqu\u00e9 qu\u2019un travail \u00ab technique objectif \u00bb avec la pr\u00e9sence de \u00ab la quasi-totalit\u00e9 \u00bb des commissaires et \u00ab plusieurs assistants techniques de la CENI \u00bb a \u00e9t\u00e9 effectu\u00e9.<\/p>\n<p>\u00ab Il est apparu que les \u00e9lections l\u00e9gislatives ne pouvaient \u00eatre organis\u00e9es qu\u2019au mois de mars 2020 \u00bb, \u00e9crivent-ils, ajoutant que malgr\u00e9 tout, le pr\u00e9sident de la CENI soutenu par certains commissaires, compte imposer une date dans l\u2019ann\u00e9e 2019, dans le seul objectif de respecter la derni\u00e8re d\u00e9claration du pr\u00e9sident de la R\u00e9publique.<\/p>\n<p>Pour ces acteurs, vouloir organiser les \u00e9lections l\u00e9gislatives d\u2019ici \u00e0 la fin de l\u2019ann\u00e9e 2019, \u00ab c\u2019est vouloir biaiser le processus \u00e9lectoral \u00bb.<\/p>\n<p>Au sortir d\u2019une r\u00e9union dans la journ\u00e9e de ce lundi avec le Premier ministre dans le cadre des concertations institu\u00e9es par le chef de l\u2019Etat, Alpha Cond\u00e9, le pr\u00e9sident de la CENI, Me Salif K\u00e9b\u00e9 a propos\u00e9 la tenue des l\u00e9gislatives le 28 d\u00e9cembre 2019.<\/p>\n<p>\u00ab\u00a0Le 28 d\u00e9cembre est la date que nous avons pu trouver en pl\u00e9ni\u00e8re. Elle est tenable et le Premier ministre a pris acte \u00bb,\u00a0a laiss\u00e9 entendre Me K\u00e9b\u00e9, soulignant que la majorit\u00e9 des 17 commissaires ont approuv\u00e9 la date.<\/p>\n<\/div>\n<p>Auteur: APA News<br \/>\n<a href=\"https:\/\/www.journalducameroun.com\/guinee-quiproquo-a-la-ceni-sur-la-date-des-legislatives\/\">Cliquez ici pour lire l&rsquo;article depuis sa source.<\/a><\/p>\n","protected":false},"excerpt":{"rendered":"<p>Publi\u00e9 le 16.09.2019 \u00e0 19h18 par APA News Quelques heures apr\u00e8s l\u2019annonce du pr\u00e9sident de la Commission \u00e9lectorale nationale ind\u00e9pendante (CENI) ce lundi, proposant la tenue des \u00e9lections l\u00e9gislatives le 28 d\u00e9cembre 2019, les sept commissaires issus de l\u2019opposition membres de l\u2019institution rejettent la date.Dans une d\u00e9claration \u00e0 la presse, les sept commissaires ont indiqu\u00e9 [&hellip;]<\/p>\n","protected":false},"author":1965,"featured_media":0,"comment_status":"closed","ping_status":"closed","sticky":false,"template":"","format":"standard","meta":{"fifu_image_url":"","fifu_image_alt":"","footnotes":""},"categories":[73,82],"tags":[],"class_list":["post-61373","post","type-post","status-publish","format-standard","hentry","category-actualite","category-cameroun"],"_links":{"self":[{"href":"https:\/\/linitiative.ca\/International\/wp-json\/wp\/v2\/posts\/61373","targetHints":{"allow":["GET"]}}],"collection":[{"href":"https:\/\/linitiative.ca\/International\/wp-json\/wp\/v2\/posts"}],"about":[{"href":"https:\/\/linitiative.ca\/International\/wp-json\/wp\/v2\/types\/post"}],"author":[{"embeddable":true,"href":"https:\/\/linitiative.ca\/International\/wp-json\/wp\/v2\/users\/1965"}],"replies":[{"embeddable":true,"href":"https:\/\/linitiative.ca\/International\/wp-json\/wp\/v2\/comments?post=61373"}],"version-history":[{"count":0,"href":"https:\/\/linitiative.ca\/International\/wp-json\/wp\/v2\/posts\/61373\/revisions"}],"wp:attachment":[{"href":"https:\/\/linitiative.ca\/International\/wp-json\/wp\/v2\/media?parent=61373"}],"wp:term":[{"taxonomy":"category","embeddable":true,"href":"https:\/\/linitiative.ca\/International\/wp-json\/wp\/v2\/categories?post=61373"},{"taxonomy":"post_tag","embeddable":true,"href":"https:\/\/linitiative.ca\/International\/wp-json\/wp\/v2\/tags?post=61373"}],"curies":[{"name":"wp","href":"https:\/\/api.w.org\/{rel}","templated":true}]}}