{"id":61375,"date":"2019-09-16T14:50:03","date_gmt":"2019-09-16T18:50:03","guid":{"rendered":"https:\/\/linitiative.ca\/International\/cpi-la-procureure-fait-appel-de-lacquittement-de-lex-president-gbagbo\/"},"modified":"2019-09-16T14:50:03","modified_gmt":"2019-09-16T18:50:03","slug":"cpi-la-procureure-fait-appel-de-lacquittement-de-lex-president-gbagbo","status":"publish","type":"post","link":"https:\/\/linitiative.ca\/International\/cpi-la-procureure-fait-appel-de-lacquittement-de-lex-president-gbagbo\/","title":{"rendered":"CPI: la procureure fait appel de l\u2019acquittement de l\u2019ex pr\u00e9sident Gbagbo"},"content":{"rendered":"<div readability=\"32\">\n<p>Publi\u00e9 le 16.09.2019 \u00e0 19h50 par AFP<\/p>\n<\/div>\n<div readability=\"126\">\n<p>La procureure de la Cour p\u00e9nale internationale (CPI) a fait appel lundi contre l\u2019acquittement de crimes contre l\u2019humanit\u00e9 prononc\u00e9 en janvier \u00e0 l\u2019encontre de l\u2019ancien pr\u00e9sident ivoirien Laurent Gbagbo et de l\u2019un de ses proches, Charles Bl\u00e9 Goud\u00e9.<\/p>\n<p>Cette d\u00e9cision a provoqu\u00e9 \u00e0 Abidjan les protestations de proches des deux hommes qui d\u00e9noncent un \u00ab\u00a0acharnement politique\u00a0\u00bb pour les maintenir loin de la C\u00f4te d\u2019Ivoire o\u00f9 l\u2019\u00e9lection pr\u00e9sidentielle doit avoir lieu l\u2019an prochain.<\/p>\n<p>\u00ab\u00a0L\u2019appel d\u00e9montrera que la chambre de premi\u00e8re instance a commis des erreurs de droit et de proc\u00e9dure qui ont abouti \u00e0 l\u2019acquittement de M. Gbagbo et de M. Bl\u00e9 Goud\u00e9 pour tous les chefs d\u2019accusation\u00a0\u00bb, a \u00e9crit dans un communiqu\u00e9 le bureau de la procureure, Fatou Bensouda.<\/p>\n<p>Laurent Gbagbo avait \u00e9t\u00e9 reconnu non coupable de crimes contre l\u2019humanit\u00e9 commis en 2010 et 2011 au cours des violences post-\u00e9lectorales en C\u00f4te d\u2019Ivoire, et lib\u00e9r\u00e9 en f\u00e9vrier sous conditions.<\/p>\n<p>Les juges ont acquitt\u00e9 les deux hommes \u00ab\u00a0sans formuler correctement et sans appliquer de mani\u00e8re coh\u00e9rente une norme de preuve clairement d\u00e9finie\u00a0\u00bb, a ajout\u00e9 la procureure de la CPI.<\/p>\n<p>La Belgique avait accept\u00e9 d\u2019accueillir Laurent Gbagbo, 73 ans, lib\u00e9r\u00e9 en f\u00e9vrier. Il est actuellement en libert\u00e9 conditionnelle \u00e0 Bruxelles en attendant un \u00e9ventuel proc\u00e8s en appel. M. Bl\u00e9 Goud\u00e9, 47 ans, vit aux Pays-Bas dans des conditions similaires.<\/p>\n<p>Maintenu en d\u00e9tention pendant plus de sept ans, Laurent Gbagbo \u00e9tait jug\u00e9 pour des crimes commis pendant la crise de 2010-2011, n\u00e9e de son refus de c\u00e9der le pouvoir \u00e0 son rival, l\u2019actuel pr\u00e9sident ivoirien Alassane Ouattara. Les violences avaient fait plus de 3.000 morts en cinq mois.<\/p>\n<p>Il avait \u00e9t\u00e9 arr\u00eat\u00e9 en avril 2011 par les forces du pr\u00e9sident Ouattara, soutenues par l\u2019ONU et la France. Il est le premier ancien chef d\u2019Etat \u00e0 avoir \u00e9t\u00e9 remis directement \u00e0 la CPI.<\/p>\n<p>MM. Gbagbo et Bl\u00e9 Goud\u00e9 avaient \u00e9t\u00e9 accus\u00e9s de quatre chefs de crimes contre l\u2019humanit\u00e9: meurtres, viols, pers\u00e9cutions et autres actes inhumains, pour lesquels ils ont toujours plaid\u00e9 non coupable.<\/p>\n<p>La d\u00e9cision de la procureure de la CPI de faire appel de l\u2019acquittement des deux hommes survient alors que la sc\u00e8ne politique ivoirienne est en pleine recomposition en vue de la pr\u00e9sidentielle de 2020. L\u2019opposition cherche \u00e0 s\u2019unir dans cette perspective contre le camp du pr\u00e9sident Ouattara, 77 ans, au pouvoir depuis 2010 et qui maintient le suspense sur une nouvelle candidature.<\/p>\n<p>\u2013 \u00ab\u00a0Acharnement\u00a0\u00bb \u2013<\/p>\n<p>A Abidjan, Pascal Affi N\u2019Guessan, pr\u00e9sident d\u2019une tendance du Front populaire ivoirien (FPI), le parti de M. Gbagbo, a attaqu\u00e9 la d\u00e9cision de Mme Bensouda en la pla\u00e7ant dans un contexte politique.<\/p>\n<p>\u00ab\u00a0C\u2019est du dilatoire juridique et de l\u2019acharnement politique pour maintenir le plus longtemps possible loin de leur pays Laurent Gbagbo et Charles Bl\u00e9 Goud\u00e9, et les emp\u00eacher de prendre part \u00e0 la vie politique de la C\u00f4te d\u2019Ivoire\u00a0\u00bb, a d\u00e9clar\u00e9 \u00e0 l\u2019AFP M. Affi N\u2019Guessan.<\/p>\n<p>Ancien Premier ministre de M. Gbagbo, qui a fond\u00e9 le FPI, Pascal Affi N\u2019Guessan en revendique la pr\u00e9sidence en son absence. Mais il est contest\u00e9 par la tendance \u00ab\u00a0l\u00e9gitimiste\u00a0\u00bb du parti qui ne reconna\u00eet que Laurent Gbagbo.<\/p>\n<p>Georges Armand Ouegnin, pr\u00e9sident d\u2019Ensemble pour la d\u00e9mocratie et la souverainet\u00e9 (EDS), coalition pro-Gbgabo qui regroupe des partis politiques d\u2019opposition et des associations de la soci\u00e9t\u00e9 civile, a lui aussi fait part de sa \u00ab\u00a0d\u00e9ception\u00a0\u00bb et d\u00e9nonc\u00e9 un \u00ab\u00a0acharnement\u00a0\u00bb.<\/p>\n<p>\u00ab\u00a0Je suis profond\u00e9ment d\u00e9\u00e7u, mais je garde espoir\u00a0\u00bb. \u00ab\u00a0J\u2019ai confiance en la justice, m\u00eame s\u2019il y a un acharnement judiciaire\u00a0\u00bb, a d\u00e9clar\u00e9 \u00e0 l\u2019AFP M. Ouegnin.<\/p>\n<p>Laurent Gbagbo et Charles Bl\u00e9 Goud\u00e9 \u00ab\u00a0sont innocents\u00a0\u00bb. \u00ab\u00a0C\u2019est important qu\u2019ils reviennent en C\u00f4te d\u2019Ivoire pour la r\u00e9conciliation nationale\u00a0\u00bb, a-t-il ajout\u00e9.<\/p>\n<\/div>\n<p>Auteur: AFP<br \/>\n<a href=\"https:\/\/www.journalducameroun.com\/cpi-la-procureure-fait-appel-de-lacquittement-de-lex-president-gbagbo\/\">Cliquez ici pour lire l&rsquo;article depuis sa source.<\/a><\/p>\n","protected":false},"excerpt":{"rendered":"<p>Publi\u00e9 le 16.09.2019 \u00e0 19h50 par AFP La procureure de la Cour p\u00e9nale internationale (CPI) a fait appel lundi contre l\u2019acquittement de crimes contre l\u2019humanit\u00e9 prononc\u00e9 en janvier \u00e0 l\u2019encontre de l\u2019ancien pr\u00e9sident ivoirien Laurent Gbagbo et de l\u2019un de ses proches, Charles Bl\u00e9 Goud\u00e9. Cette d\u00e9cision a provoqu\u00e9 \u00e0 Abidjan les protestations de proches [&hellip;]<\/p>\n","protected":false},"author":1965,"featured_media":0,"comment_status":"closed","ping_status":"closed","sticky":false,"template":"","format":"standard","meta":{"fifu_image_url":"","fifu_image_alt":"","footnotes":""},"categories":[73,82],"tags":[],"class_list":["post-61375","post","type-post","status-publish","format-standard","hentry","category-actualite","category-cameroun"],"_links":{"self":[{"href":"https:\/\/linitiative.ca\/International\/wp-json\/wp\/v2\/posts\/61375","targetHints":{"allow":["GET"]}}],"collection":[{"href":"https:\/\/linitiative.ca\/International\/wp-json\/wp\/v2\/posts"}],"about":[{"href":"https:\/\/linitiative.ca\/International\/wp-json\/wp\/v2\/types\/post"}],"author":[{"embeddable":true,"href":"https:\/\/linitiative.ca\/International\/wp-json\/wp\/v2\/users\/1965"}],"replies":[{"embeddable":true,"href":"https:\/\/linitiative.ca\/International\/wp-json\/wp\/v2\/comments?post=61375"}],"version-history":[{"count":0,"href":"https:\/\/linitiative.ca\/International\/wp-json\/wp\/v2\/posts\/61375\/revisions"}],"wp:attachment":[{"href":"https:\/\/linitiative.ca\/International\/wp-json\/wp\/v2\/media?parent=61375"}],"wp:term":[{"taxonomy":"category","embeddable":true,"href":"https:\/\/linitiative.ca\/International\/wp-json\/wp\/v2\/categories?post=61375"},{"taxonomy":"post_tag","embeddable":true,"href":"https:\/\/linitiative.ca\/International\/wp-json\/wp\/v2\/tags?post=61375"}],"curies":[{"name":"wp","href":"https:\/\/api.w.org\/{rel}","templated":true}]}}