{"id":61378,"date":"2019-09-16T06:55:08","date_gmt":"2019-09-16T10:55:08","guid":{"rendered":"https:\/\/linitiative.ca\/International\/freddy-tchala-lhomme-au-parcours-exceptionnel\/"},"modified":"2019-09-16T06:55:08","modified_gmt":"2019-09-16T10:55:08","slug":"freddy-tchala-lhomme-au-parcours-exceptionnel","status":"publish","type":"post","link":"https:\/\/linitiative.ca\/International\/freddy-tchala-lhomme-au-parcours-exceptionnel\/","title":{"rendered":"Freddy Tchala, l\u2019homme au parcours exceptionnel"},"content":{"rendered":"<div class=\"entry-content entry clearfix\" readability=\"57\">\n<p><strong><a href=\"https:\/\/i0.wp.com\/ecomatin.net\/wp-content\/uploads\/2019\/09\/ecomatin.net-freddy-tchala-lhomme-au-parcours-exceptionnel-dg-mtn.jpg?ssl=1\"><\/p>\n<p><img loading=\"lazy\" decoding=\"async\" data-attachment-id=\"11455\" data-permalink=\"https:\/\/ecomatin.net\/freddy-tchala-lhomme-au-parcours-exceptionnel\/dg-mtn\/\" data-orig-file=\"https:\/\/i0.wp.com\/ecomatin.net\/wp-content\/uploads\/2019\/09\/ecomatin.net-freddy-tchala-lhomme-au-parcours-exceptionnel-dg-mtn.jpg?fit=588%2C480&#038;ssl=1\" data-orig-size=\"588,480\" data-comments-opened=\"0\" data-image-meta=\"{\"aperture\":\"0\",\"credit\":\"\",\"camera\":\"\",\"caption\":\"\",\"created_timestamp\":\"0\",\"copyright\":\"\",\"focal_length\":\"0\",\"iso\":\"0\",\"shutter_speed\":\"0\",\"title\":\"\",\"orientation\":\"0\"}\" data-image-title=\"DG-MTN\" data-image-description=\"\" data-medium-file=\"https:\/\/i0.wp.com\/ecomatin.net\/wp-content\/uploads\/2019\/09\/ecomatin.net-freddy-tchala-lhomme-au-parcours-exceptionnel-dg-mtn.jpg?fit=300%2C245&#038;ssl=1\" data-large-file=\"https:\/\/i0.wp.com\/ecomatin.net\/wp-content\/uploads\/2019\/09\/ecomatin.net-freddy-tchala-lhomme-au-parcours-exceptionnel-dg-mtn.jpg?fit=588%2C480&#038;ssl=1\" class=\"wp-image-11455 alignleft\" src=\"https:\/\/i0.wp.com\/ecomatin.net\/wp-content\/uploads\/2019\/09\/ecomatin.net-freddy-tchala-lhomme-au-parcours-exceptionnel-dg-mtn.jpg?resize=252%2C206&#038;ssl=1\" alt=\"\" width=\"252\" height=\"206\" srcset=\"https:\/\/i0.wp.com\/ecomatin.net\/wp-content\/uploads\/2019\/09\/ecomatin.net-freddy-tchala-lhomme-au-parcours-exceptionnel-dg-mtn.jpg?w=588&#038;ssl=1 588w, https:\/\/i0.wp.com\/ecomatin.net\/wp-content\/uploads\/2019\/09\/ecomatin.net-freddy-tchala-lhomme-au-parcours-exceptionnel-dg-mtn.jpg?resize=300%2C245&#038;ssl=1 300w\" sizes=\"auto, (max-width: 252px) 100vw, 252px\" data-recalc-dims=\"1\"\/><\/p>\n<p><\/a><\/strong>Comme la d\u00e9mission de son pr\u00e9d\u00e9cesseur <strong>Wim Vanhelleputte<\/strong> en mai 2015, Freddy Tchala, de nationalit\u00e9 camerounaise a d\u00e9cid\u00e9 de quitter l\u2019entreprise de t\u00e9l\u00e9phonie mobile sud-africaine pour des raisons personnelles.<\/p>\n<p>Son successeur sera annonc\u00e9 prochainement. Une d\u00e9mission accept\u00e9e par le pr\u00e9sident de la multinationale sud-africaine, Rob schuter. Il salue l\u2019engagement du manager au service du groupe pendant de nombreuses ann\u00e9es. \u00ab J\u2019ai appr\u00e9ci\u00e9 le temps que j\u2019ai pass\u00e9 avec vous et chacun d\u2019entre vous et, d\u2019une mani\u00e8re tr\u00e8s sp\u00e9ciale et personnelle, vous m\u2019avez fait me sentir chez moi \u00bb a affirm\u00e9 <strong>Freddy Tchala<\/strong> dans un mot adress\u00e9 au personnel de MTN C\u00f4te d\u2019Ivoire.<\/p>\n<p><strong>\u00a0<\/strong>Freddy Tchala \u00e9tait \u00e0 la t\u00eate de MTN C\u00f4te d\u2019Ivoire depuis 2015. Ancien DG de MTN Guin\u00e9e Conakry, de septembre 2008 \u00e0 juillet 2011, puis de MTN Congo. Ancien \u00e9tudiant de l\u2019Universit\u00e9 catholique d\u2019Afrique centrale (Ucac, Yaound\u00e9) Freddy Tchala avant de rejoindre Abidjan avait travaill\u00e9 pour la British American Tobacco o\u00f9 il a occup\u00e9 le poste strat\u00e9gique de Brand Manager de janvier 1999 \u00e0 avril 2002. A l\u2019Ucac, il a \u00e9tudi\u00e9 le Marketing, les Sciences sociales, les Finances et m\u00eame l\u2019Econom\u00e9trie.\u00a0 A Mtn depuis 2002 (MTN Cameroon), il a \u00e9t\u00e9 Trade Marketing Manager (septembre 2002-janvier 2004), Custom Segment Manager (de janvier 2004 \u00e0 septembre 2005) et directeur Marketing de 2005 \u00e0 Octobre 2008.<\/p>\n<div class=\"about-author about-author-box container-wrapper\">\n<div class=\"author-avatar\">\n<p><img decoding=\"async\" src=\"http:\/\/\" alt=\"\"\/><\/p>\n<\/div>\n<p><h4>La R\u00e9daction EcoMatin<\/h4>\n<\/p>\n<\/div>\n<div class=\"awac-wrapper awac widget blog_subscription-2\">\n<h4 class=\"widget-title\">Abonnez-vous \u00e0 notre lettre d&rsquo;information<\/h4>\n<\/div>\n<\/div>\n<div class=\"toggle-post-content clearfix\"><a id=\"toggle-post-button\" class=\"button\" href=\"#\">Afficher plus <\/a><\/div>\n<p>Auteur: EcoMatin<br \/>\n<a href=\"https:\/\/ecomatin.net\/freddy-tchala-lhomme-au-parcours-exceptionnel\/\">Cliquez ici pour lire l&rsquo;article depuis sa source.<\/a><\/p>\n","protected":false},"excerpt":{"rendered":"<p>Comme la d\u00e9mission de son pr\u00e9d\u00e9cesseur Wim Vanhelleputte en mai 2015, Freddy Tchala, de nationalit\u00e9 camerounaise a d\u00e9cid\u00e9 de quitter l\u2019entreprise de t\u00e9l\u00e9phonie mobile sud-africaine pour des raisons personnelles. Son successeur sera annonc\u00e9 prochainement. Une d\u00e9mission accept\u00e9e par le pr\u00e9sident de la multinationale sud-africaine, Rob schuter. Il salue l\u2019engagement du manager au service du groupe [&hellip;]<\/p>\n","protected":false},"author":1969,"featured_media":0,"comment_status":"closed","ping_status":"closed","sticky":false,"template":"","format":"standard","meta":{"fifu_image_url":"","fifu_image_alt":"","footnotes":""},"categories":[82,78],"tags":[],"class_list":["post-61378","post","type-post","status-publish","format-standard","hentry","category-cameroun","category-economie"],"_links":{"self":[{"href":"https:\/\/linitiative.ca\/International\/wp-json\/wp\/v2\/posts\/61378","targetHints":{"allow":["GET"]}}],"collection":[{"href":"https:\/\/linitiative.ca\/International\/wp-json\/wp\/v2\/posts"}],"about":[{"href":"https:\/\/linitiative.ca\/International\/wp-json\/wp\/v2\/types\/post"}],"author":[{"embeddable":true,"href":"https:\/\/linitiative.ca\/International\/wp-json\/wp\/v2\/users\/1969"}],"replies":[{"embeddable":true,"href":"https:\/\/linitiative.ca\/International\/wp-json\/wp\/v2\/comments?post=61378"}],"version-history":[{"count":0,"href":"https:\/\/linitiative.ca\/International\/wp-json\/wp\/v2\/posts\/61378\/revisions"}],"wp:attachment":[{"href":"https:\/\/linitiative.ca\/International\/wp-json\/wp\/v2\/media?parent=61378"}],"wp:term":[{"taxonomy":"category","embeddable":true,"href":"https:\/\/linitiative.ca\/International\/wp-json\/wp\/v2\/categories?post=61378"},{"taxonomy":"post_tag","embeddable":true,"href":"https:\/\/linitiative.ca\/International\/wp-json\/wp\/v2\/tags?post=61378"}],"curies":[{"name":"wp","href":"https:\/\/api.w.org\/{rel}","templated":true}]}}