{"id":61379,"date":"2019-09-16T11:05:21","date_gmt":"2019-09-16T15:05:21","guid":{"rendered":"https:\/\/linitiative.ca\/International\/entreprises-100-pme-et-pmi-attendues-au-business-networking-forum\/"},"modified":"2019-09-16T11:05:21","modified_gmt":"2019-09-16T15:05:21","slug":"entreprises-100-pme-et-pmi-attendues-au-business-networking-forum","status":"publish","type":"post","link":"https:\/\/linitiative.ca\/International\/entreprises-100-pme-et-pmi-attendues-au-business-networking-forum\/","title":{"rendered":"Entreprises : 100 Pme et Pmi attendues au Business Networking Forum"},"content":{"rendered":"<p>Organis\u00e9 par <strong>Afriland First Bank<\/strong>, la 2<sup>e<\/sup>\u00a0\u00e9dition du <strong>Business Networking Forum<\/strong>, encore d\u00e9nomm\u00e9 \u00ab\u00a0<strong>Mercredi de la Pme<\/strong>\u00a0\u00bb, se tient mercredi 18 septembre \u00e0 Yaound\u00e9. Au total, <strong>100 Pme<\/strong> et Pmi y sont attendues, parmi lesquelles les producteurs et distributeurs des secteurs de la construction, de l\u2019agroalimentaire, de la cosm\u00e9tique et de la papeterie. D\u2019une dur\u00e9e de trois heures, la rencontre sera meubl\u00e9e d\u2019\u00e9changes th\u00e9matiques interactifs entre les invit\u00e9s et les pan\u00e9listes, sous la coordination d\u2019un mod\u00e9rateur, en l\u2019occurrence l\u2019\u00e9conomiste <strong>Jean Claude Evina Ebe<\/strong>. Ces \u00e9changes seront suivis par une s\u00e9ance de r\u00e9seautage entre les participants.<\/p>\n<p>Le Mercredi de la Pme est une plateforme de d\u00e9veloppement des relations d\u2019affaires et de partage d\u2019informations qui se pr\u00e9sente sous le format d\u2019un forum \u00e9conomique de r\u00e9seautage et d\u2019\u00e9change. Il s\u2019inscrit dans le cadre de la politique de promotion de l\u2019entreprise et de l\u2019entrepreneur, et vient r\u00e9pondre \u00e0 un besoin exprim\u00e9 par les Pme\/Pmi d\u2019\u00eatre mis en relation les unes les autres afin de d\u00e9velopper leurs activit\u00e9s. Le concept a donc pour objectifs, entre autres\u00a0: de g\u00e9n\u00e9rer des opportunit\u00e9s d\u2019affaires\u00a0; de permettre aux Pme et Pmi d\u2019acc\u00e9der aux informations n\u00e9cessaires pour am\u00e9liorer la profitabilit\u00e9 et la p\u00e9rennit\u00e9 de leur business. Pour la banque, il s\u2019agit d\u2019induire des relations de partenariats entre les clients dont les activit\u00e9s sont compl\u00e9mentaires, et d\u2019am\u00e9liorer la communication avec ses clients.<\/p>\n<p>Outre le besoin de r\u00e9seautage exprim\u00e9 par les entreprises clientes d\u2019Afriland First Bank, le Business Networking Forum est n\u00e9 du constat selon lequel les Pme et pmi ne jouent pas v\u00e9ritablement leur r\u00f4le, malgr\u00e9 leur poids pr\u00e9pond\u00e9rant dans le d\u00e9veloppement des \u00e9conomies. Au Cameroun, l\u2019on comptait <strong>202 541 Tpe<\/strong> et Pme en 2016, soit 99,8% de l\u2019ensemble des entreprises recens\u00e9es sur le territoire. <em>\u00ab\u00a0Ces acteurs \u00e9conomiques assurent \u00e0 eux seuls environ <strong>70%<\/strong> de la cr\u00e9ation d\u2019emplois. Seulement, ce poids pr\u00e9pond\u00e9rant dans l\u2019\u00e9conomie semble \u00eatre une embellie d\u00e9guis\u00e9e car, la contribution du secteur au Pib, malgr\u00e9 une l\u00e9g\u00e8re am\u00e9lioration, est rest\u00e9e marginale et timor\u00e9e, autour de 36% du Pib<\/em>\u00a0\u00bb, rel\u00e8vent les organisateurs du \u00ab\u00a0Mercredi de la Pme\u00a0\u00bb. Raison pour laquelle, Afriland First Bank a con\u00e7u cette plateforme pour leur permettre de d\u00e9velopper des partenariats d\u2019affaires au sein de leurs secteurs d\u2019activit\u00e9s respectifs.<\/p>\n<div class=\"about-author about-author-box container-wrapper\">\n<div class=\"author-avatar\">\n<p><img decoding=\"async\" src=\"http:\/\/\" alt=\"\"\/><\/p>\n<\/div>\n<p><h4>La R\u00e9daction EcoMatin<\/h4>\n<\/p>\n<\/div>\n<div class=\"awac-wrapper awac widget blog_subscription-2\">\n<h4 class=\"widget-title\">Abonnez-vous \u00e0 notre lettre d&rsquo;information<\/h4>\n<\/div>\n<p>Auteur: EcoMatin<br \/>\n<a href=\"https:\/\/ecomatin.net\/entreprises-100-pme-et-pmi-attendues-au-business-networking-forum\/\">Cliquez ici pour lire l&rsquo;article depuis sa source.<\/a><\/p>\n","protected":false},"excerpt":{"rendered":"<p>Organis\u00e9 par Afriland First Bank, la 2e\u00a0\u00e9dition du Business Networking Forum, encore d\u00e9nomm\u00e9 \u00ab\u00a0Mercredi de la Pme\u00a0\u00bb, se tient mercredi 18 septembre \u00e0 Yaound\u00e9. Au total, 100 Pme et Pmi y sont attendues, parmi lesquelles les producteurs et distributeurs des secteurs de la construction, de l\u2019agroalimentaire, de la cosm\u00e9tique et de la papeterie. D\u2019une dur\u00e9e [&hellip;]<\/p>\n","protected":false},"author":1969,"featured_media":0,"comment_status":"closed","ping_status":"closed","sticky":false,"template":"","format":"standard","meta":{"fifu_image_url":"","fifu_image_alt":"","footnotes":""},"categories":[82,78],"tags":[],"class_list":["post-61379","post","type-post","status-publish","format-standard","hentry","category-cameroun","category-economie"],"_links":{"self":[{"href":"https:\/\/linitiative.ca\/International\/wp-json\/wp\/v2\/posts\/61379","targetHints":{"allow":["GET"]}}],"collection":[{"href":"https:\/\/linitiative.ca\/International\/wp-json\/wp\/v2\/posts"}],"about":[{"href":"https:\/\/linitiative.ca\/International\/wp-json\/wp\/v2\/types\/post"}],"author":[{"embeddable":true,"href":"https:\/\/linitiative.ca\/International\/wp-json\/wp\/v2\/users\/1969"}],"replies":[{"embeddable":true,"href":"https:\/\/linitiative.ca\/International\/wp-json\/wp\/v2\/comments?post=61379"}],"version-history":[{"count":0,"href":"https:\/\/linitiative.ca\/International\/wp-json\/wp\/v2\/posts\/61379\/revisions"}],"wp:attachment":[{"href":"https:\/\/linitiative.ca\/International\/wp-json\/wp\/v2\/media?parent=61379"}],"wp:term":[{"taxonomy":"category","embeddable":true,"href":"https:\/\/linitiative.ca\/International\/wp-json\/wp\/v2\/categories?post=61379"},{"taxonomy":"post_tag","embeddable":true,"href":"https:\/\/linitiative.ca\/International\/wp-json\/wp\/v2\/tags?post=61379"}],"curies":[{"name":"wp","href":"https:\/\/api.w.org\/{rel}","templated":true}]}}