{"id":61380,"date":"2019-09-16T11:46:30","date_gmt":"2019-09-16T15:46:30","guid":{"rendered":"https:\/\/linitiative.ca\/International\/scandale-du-carburant-frelate-letau-pourrait-se-resserrer-sur-le-transporteur\/"},"modified":"2019-09-16T11:46:30","modified_gmt":"2019-09-16T15:46:30","slug":"scandale-du-carburant-frelate-letau-pourrait-se-resserrer-sur-le-transporteur","status":"publish","type":"post","link":"https:\/\/linitiative.ca\/International\/scandale-du-carburant-frelate-letau-pourrait-se-resserrer-sur-le-transporteur\/","title":{"rendered":"Scandale du carburant frelat\u00e9 : l\u2019\u00e9tau pourrait se resserrer sur le transporteur"},"content":{"rendered":"<div class=\"featured-area featured-area-inner\"><img loading=\"lazy\" decoding=\"async\" width=\"780\" height=\"405\" src=\"https:\/\/i2.wp.com\/ecomatin.net\/wp-content\/uploads\/2019\/09\/ecomatin.net-scandale-du-carburant-frelate-letau-pourrait-se-resserrer-sur-le-transporteur-scandale-a-dibamba.jpg?resize=780%2C405&#038;ssl=1&#038;is-pending-load=1\" class=\"attachment-jannah-image-post size-jannah-image-post wp-post-image jetpack-lazy-image\" alt=\"\" data-attachment-id=\"11462\" data-permalink=\"https:\/\/ecomatin.net\/scandale-du-carburant-frelate-letau-pourrait-se-resserrer-sur-le-transporteur\/france-transports-gas-social-strike-unions\/\" data-orig-file=\"https:\/\/i2.wp.com\/ecomatin.net\/wp-content\/uploads\/2019\/09\/ecomatin.net-scandale-du-carburant-frelate-letau-pourrait-se-resserrer-sur-le-transporteur-scandale-a-dibamba.jpg?fit=1280%2C640&#038;ssl=1\" data-orig-size=\"1280,640\" data-comments-opened=\"0\" data-image-meta=\"{\"aperture\":\"0\",\"credit\":\"AFP\",\"camera\":\"\",\"caption\":\"A sign reading ' out of order' is seen at a a gas station on May 31, 2017 in Issy-les-Moulineaux, outside Paris, as truck drivers transporting dangerous materials (gas, petrol) are continuing their strike launched on May 26, 2017 by French union CGT-Transports. rTruck drivers are asking for a 'quick' round of negotiations to improve their working condition. \/ AFP PHOTO \/ BENJAMIN CREMEL\",\"created_timestamp\":\"1496221044\",\"copyright\":\"AFP or licensors\",\"focal_length\":\"0\",\"iso\":\"0\",\"shutter_speed\":\"0\",\"title\":\"FRANCE-TRANSPORTS-GAS-SOCIAL-STRIKE-UNIONS\",\"orientation\":\"1\"}\" data-image-title=\"Scandale carburant a la station DIBAMBA\" data-image-description=\"\" data-medium-file=\"https:\/\/i2.wp.com\/ecomatin.net\/wp-content\/uploads\/2019\/09\/ecomatin.net-scandale-du-carburant-frelate-letau-pourrait-se-resserrer-sur-le-transporteur-scandale-a-dibamba.jpg?fit=300%2C150&#038;ssl=1\" data-large-file=\"https:\/\/i2.wp.com\/ecomatin.net\/wp-content\/uploads\/2019\/09\/ecomatin.net-scandale-du-carburant-frelate-letau-pourrait-se-resserrer-sur-le-transporteur-scandale-a-dibamba.jpg?fit=1024%2C512&#038;ssl=1\" srcset=\"data:image\/gif;base64,R0lGODlhAQABAIAAAAAAAP\/\/\/yH5BAEAAAAALAAAAAABAAEAAAIBRAA7\"\/><\/div>\n<div class=\"entry-content entry clearfix\" readability=\"69.5349508954\">\n<p>Depuis le 7 septembre 2019, la chaine de distribution des hydrocarbures est perturb\u00e9e par un scandale survenu \u00e0 la station-service Total de <strong>Dibamba<\/strong>, \u00e0 la sortie Est de la ville de Douala. Apr\u00e8s l\u2019enqu\u00eate diligent\u00e9e par <strong>Gaston Eloundou Essomba<\/strong>, <strong>ministre de l\u2019Energie et de l\u2019Eau<\/strong> (Minee), qui avait \u00e9t\u00e9 au c\u0153ur de cette d\u00e9couverte, les sorties des diff\u00e9rentes parties prenantes ont tendance \u00e0 rejeter la faute sur le transporteur. D\u2019apr\u00e8s Total Cameroun, qui a fait une d\u00e9claration quelques jours apr\u00e8s l\u2019incident, la premi\u00e8re hypoth\u00e8se est que <em>\u00ab\u00a0la livraison en produits blancs du matin charg\u00e9 \u00e0 la Scdp, par un de nos transporteurs, contenait de l\u2019eau qui aurait contamin\u00e9 le gasoil et serait la cause de l\u2019incident\u00a0\u00bb<\/em>. Il n\u2019est donc pas question, pour le marqueteur, que les bacs de gasoil de la station aient \u00e9t\u00e9 remplies par les responsables de ce point de distribution.<\/p>\n<p>Au niveau de la <strong>Soci\u00e9t\u00e9 camerounaise de d\u00e9p\u00f4ts p\u00e9troliers<\/strong> (Scdp), l\u2019on nie \u00e9galement toute responsabilit\u00e9. Dans un entretien accord\u00e9 \u00e0\u00a0<em>Cameroon Tribune<\/em>, la semaine derni\u00e8re, la directrice g\u00e9n\u00e9rale assure que <em>\u00ab\u00a0les produits qui sortent de la Scdp sont de tr\u00e8s bonne qualit\u00e9\u00a0\u00bb,<\/em> apr\u00e8s \u00eatre revenue sur le processus permettant de s\u2019assurer de la bonne qualit\u00e9 desdits produits \u00e0 l\u2019entr\u00e9e et \u00e0 la sortie des d\u00e9p\u00f4ts.\u00a0<a href=\"https:\/\/ecomatin.net\/management-fin-de-la-vacance-a-la-direction-generale-de-la-scdp\/\"><strong>V\u00e9ronique Moampea Mbio<\/strong><\/a>\u00a0\u00a0dirige elle aussi son regard sur le transporteur. Dans les coulisses de l\u2019enqu\u00eate, l\u2019on fait savoir que ce dernier aurait gard\u00e9 le produit pendant pr\u00e8s 24 heures avant de le livrer \u00e0 la station-service. Par ailleurs, le carburant retrouv\u00e9 frelat\u00e9 \u00e0 la <strong>Total Dibamba<\/strong> serait issu de la cuve num\u00e9ro 9 qui a pourtant servi\u00a0<strong>600 m\u00e8tres cubes<\/strong>\u00a0\u00e0 neuf marqueteurs diff\u00e9rents sans mauvais retour sur la qualit\u00e9 du produit.<\/p>\n<p>Le transporteur, et dans la foul\u00e9e l\u2019ensemble de ses confr\u00e8res, semble donc \u00eatre le premier index\u00e9. Les transporteurs d\u2019hydrocarbures sont en effet r\u00e9guli\u00e8rement accus\u00e9s de faire des mauvaises manipulations avec les carburants avant leur livraison aux points de distribution. La bataille engag\u00e9e depuis quelques jours entre diff\u00e9rents acteurs de la fili\u00e8re \u00e0 travers leurs syndicats peut ainsi se justifier. Le 11 septembre, une douzaine de syndicats du secteur des transports par route a \u00e9crit au Premier ministre\u00a0<strong>Joseph Dion Ngute<\/strong>\u00a0pour demander une enqu\u00eate \u00e9largie \u00e0 toutes les stations du r\u00e9seau Total au Cameroun. En filigrane, ils accusent les transporteurs des hydrocarbures d\u2019\u00eatre les premiers responsables du carburant frelat\u00e9 qui endommage les v\u00e9hicules et induit d\u2019importantes d\u00e9penses en termes de r\u00e9novation ou de r\u00e9paration des v\u00e9hicules endommag\u00e9s. Ils comptaient entamer un boycott des produits commercialis\u00e9s par le marqueteur d\u00e8s ce lundi 16 septembre. Etonnamment, c\u2019est le <strong>Syndicat national des Transporteurs d\u2019hydrocarbures du Cameroun<\/strong> (Snthc) qui a \u00e9t\u00e9 prompt \u00e0 r\u00e9agir. Par la voix de son pr\u00e9sident\u00a0<strong>Abdoullaye Haman<\/strong>, qui a lui aussi saisi le Pm, cette organisation syndicale estime qu\u2019elle ne peut s\u2019associer \u00e0 une quelconque action visant au boycott des produits d\u2019un marqueteur, <em>\u00ab\u00a0mais aussi \u00e0 d\u2019autres r\u00eaveries pr\u00f4n\u00e9es par des acteurs sous tutelle avec des analyses profanes et simplistes de la situation<\/em>\u00a0\u00bb.<\/p>\n<div class=\"about-author about-author-box container-wrapper\">\n<div class=\"author-avatar\">\n<p><img decoding=\"async\" src=\"http:\/\/\" alt=\"\"\/><\/p>\n<\/div>\n<p><h4>La R\u00e9daction EcoMatin<\/h4>\n<\/p>\n<\/div>\n<div class=\"awac-wrapper awac widget blog_subscription-2\">\n<h4 class=\"widget-title\">Abonnez-vous \u00e0 notre lettre d&rsquo;information<\/h4>\n<\/div>\n<\/div>\n<div class=\"toggle-post-content clearfix\"><a id=\"toggle-post-button\" class=\"button\" href=\"#\">Afficher plus <\/a><\/div>\n<p>Auteur: EcoMatin<br \/>\n<a href=\"https:\/\/ecomatin.net\/scandale-du-carburant-frelate-letau-pourrait-se-resserrer-sur-le-transporteur\/\">Cliquez ici pour lire l&rsquo;article depuis sa source.<\/a><\/p>\n","protected":false},"excerpt":{"rendered":"<p>Depuis le 7 septembre 2019, la chaine de distribution des hydrocarbures est perturb\u00e9e par un scandale survenu \u00e0 la station-service Total de Dibamba, \u00e0 la sortie Est de la ville de Douala. Apr\u00e8s l\u2019enqu\u00eate diligent\u00e9e par Gaston Eloundou Essomba, ministre de l\u2019Energie et de l\u2019Eau (Minee), qui avait \u00e9t\u00e9 au c\u0153ur de cette d\u00e9couverte, les [&hellip;]<\/p>\n","protected":false},"author":1969,"featured_media":0,"comment_status":"closed","ping_status":"closed","sticky":false,"template":"","format":"standard","meta":{"fifu_image_url":"","fifu_image_alt":"","footnotes":""},"categories":[82,78],"tags":[],"class_list":["post-61380","post","type-post","status-publish","format-standard","hentry","category-cameroun","category-economie"],"_links":{"self":[{"href":"https:\/\/linitiative.ca\/International\/wp-json\/wp\/v2\/posts\/61380","targetHints":{"allow":["GET"]}}],"collection":[{"href":"https:\/\/linitiative.ca\/International\/wp-json\/wp\/v2\/posts"}],"about":[{"href":"https:\/\/linitiative.ca\/International\/wp-json\/wp\/v2\/types\/post"}],"author":[{"embeddable":true,"href":"https:\/\/linitiative.ca\/International\/wp-json\/wp\/v2\/users\/1969"}],"replies":[{"embeddable":true,"href":"https:\/\/linitiative.ca\/International\/wp-json\/wp\/v2\/comments?post=61380"}],"version-history":[{"count":0,"href":"https:\/\/linitiative.ca\/International\/wp-json\/wp\/v2\/posts\/61380\/revisions"}],"wp:attachment":[{"href":"https:\/\/linitiative.ca\/International\/wp-json\/wp\/v2\/media?parent=61380"}],"wp:term":[{"taxonomy":"category","embeddable":true,"href":"https:\/\/linitiative.ca\/International\/wp-json\/wp\/v2\/categories?post=61380"},{"taxonomy":"post_tag","embeddable":true,"href":"https:\/\/linitiative.ca\/International\/wp-json\/wp\/v2\/tags?post=61380"}],"curies":[{"name":"wp","href":"https:\/\/api.w.org\/{rel}","templated":true}]}}