{"id":61383,"date":"2019-09-17T08:00:11","date_gmt":"2019-09-17T12:00:11","guid":{"rendered":"https:\/\/linitiative.ca\/International\/festival-jazz-au-chellah-une-24eme-edition-qui-fete-la-musique-africaine\/"},"modified":"2019-09-17T08:00:11","modified_gmt":"2019-09-17T12:00:11","slug":"festival-jazz-au-chellah-une-24eme-edition-qui-fete-la-musique-africaine","status":"publish","type":"post","link":"https:\/\/linitiative.ca\/International\/festival-jazz-au-chellah-une-24eme-edition-qui-fete-la-musique-africaine\/","title":{"rendered":"Festival Jazz au Chellah : Une 24\u00e8me \u00e9dition qui f\u00eate la musique africaine"},"content":{"rendered":"<p><img decoding=\"async\" class=\"post_layout_5_img\" src=\"http:\/\/aujourdhui.ma\/wp-content\/uploads\/2019\/09\/African-Jazz-Roots-ouvre-le-bal.jpg?x29840\" alt=\"Festival Jazz au Chellah : Une 24\u00e8me \u00e9dition qui f\u00eate la musique africaine\"\/><\/p>\n<p class=\"p1\"><span class=\"c4\"><strong><em>Il accueillera cinq soirs durant des musiciens qui font l\u2019actualit\u00e9 du jazz europ\u00e9en<\/em><\/strong><\/span><span id=\"more-318136\"\/><\/p>\n<div class=\"base-box mom_box_sc_custom mom_box_sc clear c5\" readability=\"9\">\n<p class=\"p1\"><span class=\"s1\"><em>Le programme artistique donne \u00e0 voir \u00e0 l\u2019ouverture le groupe Next.APE. Il s\u2019agit de quatre musiciens de jazz qui prennent un plaisir fou \u00e0 explorer un m\u00e9lange psych\u00e9d\u00e9lique de rock et de trip-hop.<\/em><\/span><\/p>\n<\/div>\n<p class=\"p1\"><span class=\"s1\">Rabat s\u2019appr\u00eate \u00e0 c\u00e9l\u00e9brer la 24\u00e8me \u00e9dition du Festival Jazz au Chellah. Organis\u00e9e par la d\u00e9l\u00e9gation de l\u2019Union europ\u00e9enne au Maroc en partenariat avec le minist\u00e8re de la culture et de la communication et d\u2019autres partenaires, cette manifestation aura lieu tous les soirs \u00e0 partir de 20h, du 25 au 29 septembre sur le magnifique site de Chellah. V\u00e9ritable plate-forme du jazz d\u2019Europe et des musiques marocaines, cet \u00e9v\u00e9nement propose \u00e0 cette occasion une programmation exceptionnelle qui met \u00e0 l\u2019honneur la musique africaine avec le jazz europ\u00e9en.<\/span><\/p>\n<p class=\"p1\"><span class=\"s1\"><em>\u00abCette ann\u00e9e nous avons voulu ouvrir un espace d\u2019expression \u00e0 la musique s\u00e9n\u00e9galaise car nous tenons aussi \u00e0 c\u00e9l\u00e9brer l\u2019Afrique dans ses dimensions plurielles avec le jazz europ\u00e9en. La programmation laisse donc comme d\u2019habitude une large place aux musiciens qui font l\u2019actualit\u00e9 du jazz europ\u00e9en, mais insiste aussi sur le brassage des cultures et sur les prestations d\u2019artistes venus d\u2019autres horizons\u00bb<\/em>, explique \u00e0 ce sujet Claudia Wiedey, ambassadeur de l\u2019Union europ\u00e9enne.<\/span><\/p>\n<p class=\"p1\"><span class=\"s1\">Et d\u2019ajouter que <em>\u00abce sont les moments de fusion entre les artistes europ\u00e9ens et marocains qui impriment durablement la notori\u00e9t\u00e9 de ce Festival. Le Festival Jazz au Chellah est certes modeste par son envergure, mais immense par les talents qui s\u2019y produisent et les souvenirs qu\u2019il nous laisse\u00bb.<\/em> Dans ce sens, le programme artistique donne \u00e0 voir \u00e0 l\u2019ouverture le groupe Next.APE. Il s\u2019agit de quatre musiciens de jazz qui prennent un plaisir fou \u00e0 explorer un m\u00e9lange psych\u00e9d\u00e9lique de rock et de trip-hop. Durant la m\u00eame soir\u00e9e d\u2019ouverture, le public d\u00e9couvre le quartet african jazz Roots Quartet. C\u2019est la rencontre de la kora de Ablaye Cissoko et de la batterie de Simon Goubert.<\/span><\/p>\n<p class=\"p1\"><span class=\"s1\">C\u2019est la fusion r\u00e9ussie du jazz occidental et de la musique traditionnelle s\u00e9n\u00e9galaise. Une musique qui met en valeur les fondements musicaux communs aux deux langages. A l\u2019affiche du festival, StringLESS. C\u2019est un groupe vocal 100% f\u00e9minin. Il revisite le r\u00e9pertoire folklorique grec et le r\u00e9tro des ann\u00e9es 30. Il sera invit\u00e9 cette ann\u00e9e \u00e0 d\u00e9livrer un show intense et cr\u00e9atif de chants. D\u2019autres noms sont confi\u00e9s \u00e0 cette manifestation \u00e0 l\u2019instar du duo Alaa Zouiten, Mikael Godee, Eve Beuvens quartet, TGB, Kasia Pietrzko Trio, et Mikael Godee et Eve Beuvens Quartet.<\/span><\/p>\n<p class=\"p1\"><span class=\"s1\">Le festival offre \u00e9galement des rencontres de jazz europ\u00e9en et musique marocaine. Au programme, Mehdi Nassouli groupe, Rhani Krija, multi-percusionniste, et Youssef Madani quartet. Pour noter, le Festival Jazz au Chellah a \u00e9t\u00e9 cr\u00e9\u00e9 \u00e0 Rabat en 1996. Il a toujours constitu\u00e9 un espace d\u00e9di\u00e9 \u00e0 l\u2019extraordinaire richesse des jazz d\u2019Europe et \u00e0 la rencontre de musiciens marocains. A travers ces rencontres, Jazz au Chellah s\u2019est engag\u00e9 dans la construction d\u2019une culture nouvelle, celle d\u2019une saine coop\u00e9ration entre artistes solidaires autour de la libert\u00e9 du jazz vers la culture des dialogues.<\/span><\/p>\n<p>Auteur: Siham Jadraoui<br \/>\n<a href=\"http:\/\/aujourdhui.ma\/culture\/musique\/festival-jazz-au-chellah-une-24eme-edition-qui-fete-la-musique-africaine\">Cliquez ici pour lire l&rsquo;article depuis sa source.<\/a><\/p>\n","protected":false},"excerpt":{"rendered":"<p>Il accueillera cinq soirs durant des musiciens qui font l\u2019actualit\u00e9 du jazz europ\u00e9en Le programme artistique donne \u00e0 voir \u00e0 l\u2019ouverture le groupe Next.APE. Il s\u2019agit de quatre musiciens de jazz qui prennent un plaisir fou \u00e0 explorer un m\u00e9lange psych\u00e9d\u00e9lique de rock et de trip-hop. Rabat s\u2019appr\u00eate \u00e0 c\u00e9l\u00e9brer la 24\u00e8me \u00e9dition du Festival [&hellip;]<\/p>\n","protected":false},"author":1759,"featured_media":0,"comment_status":"closed","ping_status":"closed","sticky":false,"template":"","format":"standard","meta":{"fifu_image_url":"","fifu_image_alt":"","footnotes":""},"categories":[73,54],"tags":[],"class_list":["post-61383","post","type-post","status-publish","format-standard","hentry","category-actualite","category-maroc"],"_links":{"self":[{"href":"https:\/\/linitiative.ca\/International\/wp-json\/wp\/v2\/posts\/61383","targetHints":{"allow":["GET"]}}],"collection":[{"href":"https:\/\/linitiative.ca\/International\/wp-json\/wp\/v2\/posts"}],"about":[{"href":"https:\/\/linitiative.ca\/International\/wp-json\/wp\/v2\/types\/post"}],"author":[{"embeddable":true,"href":"https:\/\/linitiative.ca\/International\/wp-json\/wp\/v2\/users\/1759"}],"replies":[{"embeddable":true,"href":"https:\/\/linitiative.ca\/International\/wp-json\/wp\/v2\/comments?post=61383"}],"version-history":[{"count":0,"href":"https:\/\/linitiative.ca\/International\/wp-json\/wp\/v2\/posts\/61383\/revisions"}],"wp:attachment":[{"href":"https:\/\/linitiative.ca\/International\/wp-json\/wp\/v2\/media?parent=61383"}],"wp:term":[{"taxonomy":"category","embeddable":true,"href":"https:\/\/linitiative.ca\/International\/wp-json\/wp\/v2\/categories?post=61383"},{"taxonomy":"post_tag","embeddable":true,"href":"https:\/\/linitiative.ca\/International\/wp-json\/wp\/v2\/tags?post=61383"}],"curies":[{"name":"wp","href":"https:\/\/api.w.org\/{rel}","templated":true}]}}