{"id":61384,"date":"2019-09-17T08:02:25","date_gmt":"2019-09-17T12:02:25","guid":{"rendered":"https:\/\/linitiative.ca\/International\/agadir-pour-un-meurtre-un-chauffeur-clandestin-condamne-a-20-ans-de-reclusion-criminelle\/"},"modified":"2019-09-17T08:02:25","modified_gmt":"2019-09-17T12:02:25","slug":"agadir-pour-un-meurtre-un-chauffeur-clandestin-condamne-a-20-ans-de-reclusion-criminelle","status":"publish","type":"post","link":"https:\/\/linitiative.ca\/International\/agadir-pour-un-meurtre-un-chauffeur-clandestin-condamne-a-20-ans-de-reclusion-criminelle\/","title":{"rendered":"Agadir :  Pour un meurtre, un chauffeur clandestin condamn\u00e9 \u00e0 20 ans de r\u00e9clusion criminelle"},"content":{"rendered":"<p><img decoding=\"async\" class=\"post_layout_5_img\" src=\"http:\/\/aujourdhui.ma\/wp-content\/uploads\/2019\/09\/chauffeur-camion-transport.jpg?x29840\" alt=\"Agadir : Pour un meurtre, un chauffeur clandestin condamn\u00e9 \u00e0 20 ans de r\u00e9clusion criminelle\"\/><\/p>\n<p class=\"p1\"><span class=\"s1 c4\"><strong>Se rendant compte que son complice a \u00e9t\u00e9 arr\u00eat\u00e9, le chauffeur clandestin n\u2019a pas rebrouss\u00e9 chemin, mais a d\u00e9marr\u00e9 \u00e0 toute allure pour rentrer \u00e0 la ferme tentant de le sauver.<\/strong><\/span><span id=\"more-318152\"\/><\/p>\n<p class=\"p1\">Nous sommes \u00e0 la chambre criminelle pr\u00e8s la Cour d\u2019appel d\u2019Agadir. Au box des accus\u00e9s se tient, ce jeudi 12 septembre, un jeune homme, chauffeur clandestin, connu commun\u00e9ment sous le nom de \u00abKhattaf\u00bb. Il est poursuivi en \u00e9tat d\u2019arrestation pour coups et blessures ayant entra\u00een\u00e9 la mort sans l\u2019intention de la donner. Sa victime est un employ\u00e9 dans une ferme situ\u00e9e au douar Beni Telbe relevant de la commune rurale Al Koudia El Beida, dans la r\u00e9gion d\u2019Ouled Ta\u00efma, province de Taroudant. En effet, ce dernier a \u00e9t\u00e9 gri\u00e8vement bless\u00e9, le dimanche 2 juin 2019, vers 20 h, avec un coup d\u2019\u00e9p\u00e9e que lui avait ass\u00e9n\u00e9 le mis en cause avant de prendre, en compagnie d\u2019un malfaiteur, la poudre d\u2019escampette. Il a rendu l\u2019\u00e2me le samedi 8 juin au service des urgences \u00e0 l\u2019h\u00f4pital r\u00e9gional Hassan II \u00e0 Agadir.<\/p>\n<p class=\"p1\">L\u2019histoire commence quand le chauffeur en cause a \u00e9t\u00e9 sollicit\u00e9 par un malfrat de l\u2019accompagner vers une ferme situ\u00e9e au douar Beni Telbe afin de l\u2019aider \u00e0 transporter du citron qu\u2019il allait voler. Une proposition qui a facilement \u00e9t\u00e9 accept\u00e9e par le chauffeur pour qu\u2019ils passent, tous les deux, \u00e0 l\u2019acte. C\u2019\u00e9tait le malfrat qui a pris l\u2019initiative de s\u2019infiltrer \u00e0 l\u2019int\u00e9rieur de la ferme alors que le chauffeur clandestin se chargeait de la surveillance. Seulement, le malfrat a \u00e9t\u00e9 \u00e9pingl\u00e9 par un employ\u00e9 de la ferme qui l\u2019a ligot\u00e9 avant d\u2019appeler son employeur qui l\u2019a rejoint. Se rendant compte que son complice a \u00e9t\u00e9 arr\u00eat\u00e9, le chauffeur clandestin n\u2019a pas rebrouss\u00e9 chemin, mais a d\u00e9marr\u00e9 \u00e0 toute allure pour rentrer \u00e0 la ferme tentant de le sauver. Il s\u2019est arm\u00e9 d\u2019une \u00e9p\u00e9e pour ass\u00e9ner un coup au patron de la ferme et blesser gravement l\u2019employ\u00e9 qui a rendu l\u2019\u00e2me, quatre jours plus tard.<\/p>\n<p class=\"p1\">Le dimanche 9 juin, le chauffeur clandestin a \u00e9t\u00e9 arr\u00eat\u00e9, \u00e0 La\u00e2youne alors que son ami est toujours en \u00e9tat de fuite.<\/p>\n<p class=\"p1\">Verdict : Le chauffeur clandestin a \u00e9t\u00e9 condamn\u00e9, jeudi dernier, \u00e0 20 ans de r\u00e9clusion criminelle.<\/p>\n<p>Auteur: Abderrafii ALOUMLIKI<br \/>\n<a href=\"http:\/\/aujourdhui.ma\/faits-divers\/agadir-pour-un-meurtre-un-chauffeur-clandestin-condamne-a-20-ans-de-reclusion-criminelle\">Cliquez ici pour lire l&rsquo;article depuis sa source.<\/a><\/p>\n","protected":false},"excerpt":{"rendered":"<p>Se rendant compte que son complice a \u00e9t\u00e9 arr\u00eat\u00e9, le chauffeur clandestin n\u2019a pas rebrouss\u00e9 chemin, mais a d\u00e9marr\u00e9 \u00e0 toute allure pour rentrer \u00e0 la ferme tentant de le sauver. Nous sommes \u00e0 la chambre criminelle pr\u00e8s la Cour d\u2019appel d\u2019Agadir. Au box des accus\u00e9s se tient, ce jeudi 12 septembre, un jeune homme, [&hellip;]<\/p>\n","protected":false},"author":1759,"featured_media":0,"comment_status":"closed","ping_status":"closed","sticky":false,"template":"","format":"standard","meta":{"fifu_image_url":"","fifu_image_alt":"","footnotes":""},"categories":[73,54],"tags":[],"class_list":["post-61384","post","type-post","status-publish","format-standard","hentry","category-actualite","category-maroc"],"_links":{"self":[{"href":"https:\/\/linitiative.ca\/International\/wp-json\/wp\/v2\/posts\/61384","targetHints":{"allow":["GET"]}}],"collection":[{"href":"https:\/\/linitiative.ca\/International\/wp-json\/wp\/v2\/posts"}],"about":[{"href":"https:\/\/linitiative.ca\/International\/wp-json\/wp\/v2\/types\/post"}],"author":[{"embeddable":true,"href":"https:\/\/linitiative.ca\/International\/wp-json\/wp\/v2\/users\/1759"}],"replies":[{"embeddable":true,"href":"https:\/\/linitiative.ca\/International\/wp-json\/wp\/v2\/comments?post=61384"}],"version-history":[{"count":0,"href":"https:\/\/linitiative.ca\/International\/wp-json\/wp\/v2\/posts\/61384\/revisions"}],"wp:attachment":[{"href":"https:\/\/linitiative.ca\/International\/wp-json\/wp\/v2\/media?parent=61384"}],"wp:term":[{"taxonomy":"category","embeddable":true,"href":"https:\/\/linitiative.ca\/International\/wp-json\/wp\/v2\/categories?post=61384"},{"taxonomy":"post_tag","embeddable":true,"href":"https:\/\/linitiative.ca\/International\/wp-json\/wp\/v2\/tags?post=61384"}],"curies":[{"name":"wp","href":"https:\/\/api.w.org\/{rel}","templated":true}]}}