{"id":61385,"date":"2019-09-17T09:00:49","date_gmt":"2019-09-17T13:00:49","guid":{"rendered":"https:\/\/linitiative.ca\/International\/tanger-les-commercants-du-souk-casabarata-suspendent-leur-greve\/"},"modified":"2019-09-17T09:00:49","modified_gmt":"2019-09-17T13:00:49","slug":"tanger-les-commercants-du-souk-casabarata-suspendent-leur-greve","status":"publish","type":"post","link":"https:\/\/linitiative.ca\/International\/tanger-les-commercants-du-souk-casabarata-suspendent-leur-greve\/","title":{"rendered":"Tanger : Les commer\u00e7ants du souk Casabarata suspendent leur gr\u00e8ve"},"content":{"rendered":"<p><img decoding=\"async\" class=\"post_layout_5_img\" src=\"http:\/\/aujourdhui.ma\/wp-content\/uploads\/2019\/09\/Tanger-souk-Casabarata.jpg?x29840\" alt=\"Tanger : Les commer\u00e7ants du souk Casabarata suspendent leur gr\u00e8ve\"\/><\/p>\n<p class=\"p1\"><span class=\"c4\"><strong><em>Les commer\u00e7ants\u00a0<\/em><em>ont appel\u00e9, en plus\u00a0<\/em><em>de la mise en \u00e9tat des locaux et de l\u2019\u00e9quipement de cet espace de commerce, d\u2019y avoir des renforts de s\u00e9curit\u00e9 suppl\u00e9mentaires.<\/em><\/strong><\/span><span id=\"more-318121\"\/><\/p>\n<p class=\"p1\"><span class=\"s1\">Apr\u00e8s avoir eu la promesse de la wilaya de l\u2019ouverture \u00abd\u2019un dialogue imm\u00e9diat\u00bb avec eux, les professionnels du souk Casabarata viennent de se r\u00e9unir, vendredi 13 septembre, avec le pr\u00e9sident de la Chambre de commerce, d\u2019industrie et de services de la r\u00e9gion de Tanger-T\u00e9touan-Al Hoceima (CCIS-TTA), Omar Moro, et les membres de son bureau pour discuter des diff\u00e9rents probl\u00e8mes dont souffre leur profession, notamment, la prolif\u00e9ration des marchands ambulants \u00e0 l\u2019entr\u00e9e et la sortie de ce march\u00e9 ainsi que les zones avoisinantes.<\/span><\/p>\n<p class=\"p1\"><span class=\"s1\">A l\u2019issue de cette r\u00e9union, ils ont d\u00e9cid\u00e9 de suspendre leur gr\u00e8ve, pr\u00e9vue hier lundi. <em>\u00abApr\u00e8s cette r\u00e9union qui a \u00e9t\u00e9 marqu\u00e9e par un sens de responsabilit\u00e9 et de compr\u00e9hension, les ligues commerciales et professionnelles ont d\u00e9cid\u00e9 de suspendre leur gr\u00e8ve pr\u00e9vue, lundi 16 septembre prochain. Et ce comme un geste de bonne foi et permettant d\u2019ouvrir un espace d\u2019intervention pour les diff\u00e9rentes parties\u00bb,<\/em> selon l\u2019\u00e9quipe de gestion de dossier au sein de la CCIS-TTA, faisant remarquer que les participants \u00e0 cette r\u00e9union ont convenu de la n\u00e9cessit\u00e9 de prendre, dans les prochaines jours, des mesures urgentes et efficaces, avec leur d\u00e9termination d\u2019assurer <em>\u00abla paix sociale et donner la priorit\u00e9 au dialogue et \u00e0 l\u2019\u00e9coute\u00bb.<\/em><\/span><\/p>\n<p class=\"p1\"><span class=\"s1\">Les participants \u00e0 cette r\u00e9union ont abord\u00e9 d\u2019autres probl\u00e8mes tels que la v\u00e9tust\u00e9 des locaux du souk<span class=\"Apple-converted-space\">\u00a0<\/span> Casabarata, l\u2019absence d\u2019un parking moderne d\u2019une capacit\u00e9 suffisante (d\u00e9di\u00e9 au stationnement pour les visiteurs) ainsi que le manque de s\u00e9curit\u00e9 dans les lieux. Ainsi ils ont appel\u00e9, en plus de la mise en \u00e9tat des locaux et de l\u2019\u00e9quipement de cet espace de commerce, d\u2019y avoir des renforts de s\u00e9curit\u00e9 suppl\u00e9mentaires pour rem\u00e9dier \u00e0 cette situation.<\/span><\/p>\n<p class=\"p1\"><span class=\"s1\">Il est \u00e0 rappeler que les autorit\u00e9s ont d\u00e9j\u00e0 men\u00e9 une op\u00e9ration de ratissage en vue d\u2019\u00e9viter l\u2019anarchie provoqu\u00e9e par la prolif\u00e9ration des ferrachas sur les chauss\u00e9es et les chauss\u00e9es d\u2019une partie de la grande zone de Casabarata. Cette op\u00e9ration coup de poing vient deux jours seulement avant la menace des commer\u00e7ants contestataires de se lancer dans un mouvement de protestation contre les marchants ambulants. Cette initiative n\u2019a pas satisfait les attentes des professionnels, qui ont appel\u00e9 \u00e0 la g\u00e9n\u00e9raliser \u00e0 l\u2019ensemble de cette zone et \u00e0 l\u2019int\u00e9rieur du souk Casabarata.<\/span><\/p>\n<p class=\"p1\"><span class=\"s1\">Consid\u00e9r\u00e9 comme l\u2019un des plus anciens march\u00e9s aux puces au Maroc, ce souk est devenu, au fil du temps, un lieu de vente de toutes sortes d\u2019articles (v\u00eatements, mobiliers, \u00e9lectrom\u00e9nager,\u2026) neufs et usag\u00e9s, mais aussi de produits alimentaires auxquels l\u2019on a consacr\u00e9 \u00e9galement un important espace au grand bonheur de la client\u00e8le.<\/span><\/p>\n<p>Auteur: Najat Fa\u00efssal<br \/>\n<a href=\"http:\/\/aujourdhui.ma\/economie\/tanger-les-commercants-du-souk-casabarata-suspendent-leur-greve\">Cliquez ici pour lire l&rsquo;article depuis sa source.<\/a><\/p>\n","protected":false},"excerpt":{"rendered":"<p>Les commer\u00e7ants\u00a0ont appel\u00e9, en plus\u00a0de la mise en \u00e9tat des locaux et de l\u2019\u00e9quipement de cet espace de commerce, d\u2019y avoir des renforts de s\u00e9curit\u00e9 suppl\u00e9mentaires. Apr\u00e8s avoir eu la promesse de la wilaya de l\u2019ouverture \u00abd\u2019un dialogue imm\u00e9diat\u00bb avec eux, les professionnels du souk Casabarata viennent de se r\u00e9unir, vendredi 13 septembre, avec le [&hellip;]<\/p>\n","protected":false},"author":1759,"featured_media":0,"comment_status":"closed","ping_status":"closed","sticky":false,"template":"","format":"standard","meta":{"fifu_image_url":"","fifu_image_alt":"","footnotes":""},"categories":[73,54],"tags":[],"class_list":["post-61385","post","type-post","status-publish","format-standard","hentry","category-actualite","category-maroc"],"_links":{"self":[{"href":"https:\/\/linitiative.ca\/International\/wp-json\/wp\/v2\/posts\/61385","targetHints":{"allow":["GET"]}}],"collection":[{"href":"https:\/\/linitiative.ca\/International\/wp-json\/wp\/v2\/posts"}],"about":[{"href":"https:\/\/linitiative.ca\/International\/wp-json\/wp\/v2\/types\/post"}],"author":[{"embeddable":true,"href":"https:\/\/linitiative.ca\/International\/wp-json\/wp\/v2\/users\/1759"}],"replies":[{"embeddable":true,"href":"https:\/\/linitiative.ca\/International\/wp-json\/wp\/v2\/comments?post=61385"}],"version-history":[{"count":0,"href":"https:\/\/linitiative.ca\/International\/wp-json\/wp\/v2\/posts\/61385\/revisions"}],"wp:attachment":[{"href":"https:\/\/linitiative.ca\/International\/wp-json\/wp\/v2\/media?parent=61385"}],"wp:term":[{"taxonomy":"category","embeddable":true,"href":"https:\/\/linitiative.ca\/International\/wp-json\/wp\/v2\/categories?post=61385"},{"taxonomy":"post_tag","embeddable":true,"href":"https:\/\/linitiative.ca\/International\/wp-json\/wp\/v2\/tags?post=61385"}],"curies":[{"name":"wp","href":"https:\/\/api.w.org\/{rel}","templated":true}]}}