{"id":61386,"date":"2019-09-17T09:01:08","date_gmt":"2019-09-17T13:01:08","guid":{"rendered":"https:\/\/linitiative.ca\/International\/bachelor-le-detail-des-nouvelles-filieres-et-des-modules-dans-les-sciences-juridiques-economiques-et-sociales\/"},"modified":"2019-09-17T09:01:08","modified_gmt":"2019-09-17T13:01:08","slug":"bachelor-le-detail-des-nouvelles-filieres-et-des-modules-dans-les-sciences-juridiques-economiques-et-sociales","status":"publish","type":"post","link":"https:\/\/linitiative.ca\/International\/bachelor-le-detail-des-nouvelles-filieres-et-des-modules-dans-les-sciences-juridiques-economiques-et-sociales\/","title":{"rendered":"Bachelor : Le d\u00e9tail des nouvelles fili\u00e8res et des modules dans les sciences juridiques, \u00e9conomiques et sociales"},"content":{"rendered":"<p><img decoding=\"async\" class=\"post_layout_5_img\" src=\"http:\/\/aujourdhui.ma\/wp-content\/uploads\/2019\/09\/Architecture-pedagique-FSJES.jpg?x29840\" alt=\"Bachelor : Le d\u00e9tail des nouvelles fili\u00e8res et des modules dans les sciences juridiques, \u00e9conomiques et sociales\"\/><\/p>\n<p class=\"p1\"><span class=\"c4\"><strong><span class=\"s1\"><em>Ce nouveau syst\u00e8me qui remplacera la licence entrera en vigueur d\u00e8s juillet 2020<\/em><\/span><\/strong><\/span><span id=\"more-318124\"\/><\/p>\n<div class=\"base-box mom_box_sc_custom mom_box_sc clear c5\" readability=\"9\">\n<p class=\"p1\"><strong>Ce nouveau syst\u00e8me de formation entrera en vigueur \u00e0 partir de juillet 2020. L\u2019\u00e9laboration de nouvelles fili\u00e8res du Bachelor par les universit\u00e9s qui a d\u00e9marr\u00e9 en mai se poursuit jusqu\u2019\u00e0 d\u00e9cembre 2019.<\/strong><\/p>\n<\/div>\n<p class=\"p2\"><span class=\"s1\">Le dipl\u00f4me de licence sur trois ans sera remplac\u00e9 l\u2019ann\u00e9e prochaine par le syst\u00e8me de Bachelor d\u2019une dur\u00e9e de 4 ans. Comme l\u2019avait annonc\u00e9 le ministre de l\u2019\u00e9ducation nationale, de la formation professionnelle, de l\u2019enseignement sup\u00e9rieur et de la recherche scientifique, ce nouveau syst\u00e8me de formation entrera en vigueur \u00e0 partir de juillet 2020. L\u2019\u00e9laboration de nouvelles fili\u00e8res du Bachelor par les universit\u00e9s qui a d\u00e9marr\u00e9 en mai se poursuit jusqu\u2019\u00e0 d\u00e9cembre 2019.<\/span><\/p>\n<p class=\"p2\"><span class=\"s1\">Voici ce que proposent les facult\u00e9s des sciences juridiques, \u00e9conomiques et sociales dans le cadre de ce nouveau syst\u00e8me. Tout d\u2019abord, il faut rappeler les principes fondamentaux du Bachelor. Durant chaque semestre, il y aura 6 modules (45h\/ module). Concernant l\u2019architecture modulaire du Bachelor, la premi\u00e8re ann\u00e9e fondatrice est une ann\u00e9e de tronc commun o\u00f9 l\u2019accent sera mis sur les langues et les soft skills. Durant les semestres S1 et S2, il y aura ainsi des modules disciplinaires d\u2019initiation et d\u2019ouverture ainsi que des modules de langues et soft skills.<\/span><\/p>\n<p class=\"p2\"><span class=\"s1\">La deuxi\u00e8me ann\u00e9e (semestres S3 et S4) portera sur l\u2019introduction \u00e0 la fili\u00e8re o\u00f9 seront programm\u00e9s des modules disciplinaires g\u00e9n\u00e9riques, des soft skills acquisition savoir-faire, ouverture, culture pratique\u2026 La troisi\u00e8me ann\u00e9e (semestres S5 et S6) sera consacr\u00e9e \u00e0 l\u2019approfondissement de la fili\u00e8re (fili\u00e8res de sp\u00e9cialisation disciplinaire et modules d\u2019approfondissement). Quant \u00e0 la quatri\u00e8me ann\u00e9e (semestres S7 et S8 ), l\u2019accent sera mis sur la sp\u00e9cialisation et professionnalisation (options de sp\u00e9cialisation). Autrement dit, ce syst\u00e8me est compos\u00e9 de trois grandes \u00e9tapes : une ann\u00e9e fondatrice (S1 et S2), une ann\u00e9e de consolidation (S3 et S4) et deux ann\u00e9es de sp\u00e9cialisation (S5 et S6 puis S7 et S8).<\/span><\/p>\n<p class=\"p3\"><strong><span class=\"s2\">Deux parcours,\u00a0<\/span><span class=\"s2\">4 fili\u00e8res de formation et 16 sp\u00e9cialit\u00e9s<\/span><\/strong><\/p>\n<p class=\"p2\"><span class=\"s1\">Dans le cadre de ce nouveau syst\u00e8me, il est important de relever que l\u2019\u00e9tudiant a le choix entre deux parcours : les sciences \u00e9conomiques et gestion ou les sciences juridiques et politiques. Durant l\u2019ann\u00e9e de tronc commun (S1 et S2) pour le premier parcours sciences \u00e9conomiques et gestion, les modules durant ces deux semestres porteront sur l\u2019introduction aux sciences \u00e9conomiques, l\u2019initiation au management, l\u2019introduction aux \u00e9tudes juridiques, la culture \u00e9conomique et m\u00e9thodes, les techniques quantitatives de gestion, l\u2019introduction aux \u00e9tudes politiques sans oublier l\u2019enseignement des langues et soft skills. Signalons \u00e9galement que des modules d\u2019ouverture au choix sont propos\u00e9s aux \u00e9tudiants. Ainsi, ceux inscrits en sciences \u00e9conomiques et gestion peuvent opter durant l\u2019ann\u00e9e de tronc commun pour des modules en histoire et civilisation, sociologie, g\u00e9ographie, communications et m\u00e9dia, sociologie, philosophie\u2026<\/span><\/p>\n<p class=\"p2\"><span class=\"s1\">Pour le deuxi\u00e8me parcours :<\/span><\/p>\n<p class=\"p2\"><span class=\"s1\"><br \/>sciences juridiques et politiques, les modules pr\u00e9vus durant l\u2019ann\u00e9e de tronc en commun (S1 et S2) portent sur les \u00e9tudes juridiques, les \u00e9tudes politiques, l\u2019introduction aux sciences \u00e9conomiques, l\u2019introduction aux sciences politiques, l\u2019introduction aux sciences de gestion, les langues et soft skills. Quant aux modules d\u2019ouverture au choix, on retiendra entre autres histoire et civilisation, sociologie, philosophie, anthropologie\u2026 Il est important de mentionner que chacun de ces parcours est d\u00e9clin\u00e9 en fili\u00e8res de formations. Ainsi, pour les sciences \u00e9conomiques et gestion, il existe deux fili\u00e8res, \u00e0 savoir les sciences et analyses \u00e9conomiques et le management et sciences de gestion. Pour les sciences juridiques et politiques, deux fili\u00e8res sont aussi pr\u00e9vues, \u00e0 savoir les sciences et \u00e9tudes juridiques et les syst\u00e8mes et analyses politiques. D\u00e8s la deuxi\u00e8me ann\u00e9e (semestres S3 et S4), l\u2019\u00e9tudiant choisit l\u2019une de ces fili\u00e8res.<\/span><\/p>\n<p class=\"p2\"><span class=\"s1\">Pour la fili\u00e8re sciences et analyses \u00e9conomiques, les modules enseign\u00e9s portent sur l\u2019analyse macro\u00e9conomique, histoire \u00e9conomique contemporaine, analyse micro\u00e9conomique, maths g\u00e9n\u00e9rales, \u00e9conomie mon\u00e9taire et financi\u00e8re, \u00e9conomie du Maroc, \u00e9conomie internationale ainsi que les langues et soft skills et m\u00e9thodes. Quant aux modules d\u2019ouverture au choix, ils portent sur la psycho-sociologie de l\u2019entreprise, g\u00e9opolitique, informatique et syst\u00e8me d\u2019information\u2026 Pour ce qui est de la fili\u00e8re management<\/span> <span class=\"s3\">et sciences de gestion, les \u00e9tudiants pourront \u00e9tudier le management des organisations, les techniques quantitatives de gestion, le droit de l\u2019entreprise, le marketing de base, l\u2019analyse et diagnostic financier, la gestion des ressources humaines, les statistiques descriptives. Pour ce qui est de la fili\u00e8re des sciences et \u00e9tudes juridiques, le droit constitutionnel compar\u00e9, le droit commercial, les finances publiques, le droit social, l\u2019\u00e9conomie du Maroc\u2026 figurent parmi les mati\u00e8res enseign\u00e9es.<\/span><\/p>\n<p class=\"p2\"><span class=\"s3\">Pour la fili\u00e8re syst\u00e8mes et analyses politiques, les modules porteront entre autres sur les th\u00e9ories politiques, la sociologie politique, les relations internationales\u2026 Pour ce qui est des deux derni\u00e8res ann\u00e9es dites de sp\u00e9cialisation, les fili\u00e8res de formation seront d\u00e9clin\u00e9es en option de sp\u00e9cialisation. Pour ceux qui ont opt\u00e9 pour des fili\u00e8res sciences et analyses \u00e9conomiques, ils pourront choisir comme sp\u00e9cialit\u00e9 l\u2019\u00e9conomie internationale, finance de march\u00e9s, \u00e9conomie publique et planification, actuariat et gestion des risques et \u00e9conom\u00e9trie. Pour la fili\u00e8re management et sciences de gestion, les \u00e9tudiants ont le choix de plusieurs sp\u00e9cialit\u00e9s telles que le management de la banque et de l\u2019assurance, management bancaire et finance, entrepreneuriat et innovation, ing\u00e9nierie comptable fiscale et financi\u00e8re, management strat\u00e9gique et intelligence \u00e9conomique figurent parmi les sp\u00e9cialit\u00e9s.<\/span><\/p>\n<p class=\"p2\"><span class=\"s3\">Concernant la fili\u00e8re sciences et \u00e9tudes juridiques, les \u00e9tudiants pourront choisir parmi les sp\u00e9cialit\u00e9s le droit de l\u2019entreprise et des affaires, le droit des institutions hospitali\u00e8res ou encore le droit de l\u2019environnement et du d\u00e9veloppement durable. Enfin, pour la fili\u00e8re syst\u00e8mes et analyses politiques, il y a lieu de citer les sciences politiques et droit international, la fonction publique et territoriale, les relations et coop\u00e9ration internationale.<\/span><\/p>\n<p>Auteur: Laila Zerrour<br \/>\n<a href=\"http:\/\/aujourdhui.ma\/societe\/bachelor-le-detail-des-nouvelles-filieres-et-des-modules-dans-les-sciences-juridiques-economiques-et-sociales\">Cliquez ici pour lire l&rsquo;article depuis sa source.<\/a><\/p>\n","protected":false},"excerpt":{"rendered":"<p>Ce nouveau syst\u00e8me qui remplacera la licence entrera en vigueur d\u00e8s juillet 2020 Ce nouveau syst\u00e8me de formation entrera en vigueur \u00e0 partir de juillet 2020. L\u2019\u00e9laboration de nouvelles fili\u00e8res du Bachelor par les universit\u00e9s qui a d\u00e9marr\u00e9 en mai se poursuit jusqu\u2019\u00e0 d\u00e9cembre 2019. Le dipl\u00f4me de licence sur trois ans sera remplac\u00e9 l\u2019ann\u00e9e [&hellip;]<\/p>\n","protected":false},"author":1759,"featured_media":0,"comment_status":"closed","ping_status":"closed","sticky":false,"template":"","format":"standard","meta":{"fifu_image_url":"","fifu_image_alt":"","footnotes":""},"categories":[73,54],"tags":[],"class_list":["post-61386","post","type-post","status-publish","format-standard","hentry","category-actualite","category-maroc"],"_links":{"self":[{"href":"https:\/\/linitiative.ca\/International\/wp-json\/wp\/v2\/posts\/61386","targetHints":{"allow":["GET"]}}],"collection":[{"href":"https:\/\/linitiative.ca\/International\/wp-json\/wp\/v2\/posts"}],"about":[{"href":"https:\/\/linitiative.ca\/International\/wp-json\/wp\/v2\/types\/post"}],"author":[{"embeddable":true,"href":"https:\/\/linitiative.ca\/International\/wp-json\/wp\/v2\/users\/1759"}],"replies":[{"embeddable":true,"href":"https:\/\/linitiative.ca\/International\/wp-json\/wp\/v2\/comments?post=61386"}],"version-history":[{"count":0,"href":"https:\/\/linitiative.ca\/International\/wp-json\/wp\/v2\/posts\/61386\/revisions"}],"wp:attachment":[{"href":"https:\/\/linitiative.ca\/International\/wp-json\/wp\/v2\/media?parent=61386"}],"wp:term":[{"taxonomy":"category","embeddable":true,"href":"https:\/\/linitiative.ca\/International\/wp-json\/wp\/v2\/categories?post=61386"},{"taxonomy":"post_tag","embeddable":true,"href":"https:\/\/linitiative.ca\/International\/wp-json\/wp\/v2\/tags?post=61386"}],"curies":[{"name":"wp","href":"https:\/\/api.w.org\/{rel}","templated":true}]}}