{"id":61388,"date":"2019-09-17T06:49:33","date_gmt":"2019-09-17T10:49:33","guid":{"rendered":"https:\/\/linitiative.ca\/International\/double-face-dans-la-peau-dun-ecrivain-pas-comme-les-autres\/"},"modified":"2019-09-17T06:49:33","modified_gmt":"2019-09-17T10:49:33","slug":"double-face-dans-la-peau-dun-ecrivain-pas-comme-les-autres","status":"publish","type":"post","link":"https:\/\/linitiative.ca\/International\/double-face-dans-la-peau-dun-ecrivain-pas-comme-les-autres\/","title":{"rendered":"\u00abDouble face\u00bb: dans la peau d\u2019un \u00e9crivain pas comme les autres!"},"content":{"rendered":"<p class=\"c4\"><span class=\"c3\"><strong><span class=\"c2\">U<\/span>n spectacle profond, intelligent et bien travaill\u00e9. \u00abDouble face\u00bb est la nouvelle pi\u00e8ce de th\u00e9\u00e2tre mise en sc\u00e8ne par le r\u00e9alisateur et artiste Dejjiti El Housseine\u00a0 qui \u00a0a \u00e9t\u00e9 pr\u00e9sent\u00e9e en avant premi\u00e8re samedi 14 septembre au th\u00e9\u00e2tre du Complexe culturel Sidi Belyouth \u00e0 Casablanca.<\/strong><\/span><\/p>\n<p class=\"c4\">\u00a0Il est 20h. Les mordus des planches, les\u00a0 artistes et les journalistes n\u2019ont pas manqu\u00e9 le rendez-vous th\u00e9\u00e2tral de cette rentr\u00e9e.\u00a0 Une sc\u00e9nographie simple de Youssef Elarkoubi, mais loin d\u2019\u00eatre simpliste. Peu d\u2019objets sur sc\u00e8ne\u00a0: une valise, une chaise\u2026 et des personnages.<\/p>\n<p class=\"c4\">D\u2019ailleurs, le metteur en sc\u00e8ne l\u2019affirme\u00a0: \u00abJe mise sur les com\u00e9diens, sur le jeu et la vision qui apportent un souffle universaliste et universel\u00a0\u00bb. En d\u2019autres termes,\u00a0c\u2019est le sens et la signification qui sont importants. Le son d\u2019une machine \u00e0 \u00e9crire tape aux oreilles\u00a0 ouvrant le bal de la pi\u00e8ce qui relate l\u2019histoire d\u2019un \u00e9crivain et son double\u2026face. \u00a0Et combien de fois, on s\u2019est pos\u00e9 la question suivante\u00a0: que se passait-il dans la t\u00eate d\u2019un \u00e9crivain quand il pensait \u00e0 son projet d\u2019\u00e9criture, ses d\u00e9boires, ses angoisses, ses qu\u00eates d\u2019inspirations?<\/p>\n<p class=\"c4\">En fait, Abdellah Chakiri a gliss\u00e9 le public pr\u00e9sent dans la peau d\u2019un \u00e9crivain, dans son \u00e9go, ses d\u00e9chirures ontologiques, dans son \u00e9gocentrisme et son amour pour l\u2019\u00e9criture et la cr\u00e9ation.<\/p>\n<p class=\"c4\">Certes, la peau des mots est dure, et cette relation conflictuelle entre le v\u00e9cu, la m\u00e9moire et l\u2019\u00e9criture poussent\u00a0 parfois \u00e0 tuer son \u00abdouble\u00bb incarn\u00e9 avec brio dans la pi\u00e8ce\u00a0 par le jeune com\u00e9dien Ali El Bouhali. Sans oublier le r\u00f4le de la jeune com\u00e9dienne Khadija Allouch qui a incarn\u00e9 l\u2019infirmi\u00e8re.<\/p>\n<p class=\"c4\">Des feuilles d\u00e9chir\u00e9es jet\u00e9es sur sc\u00e8ne meublant le vide de l\u2019espace. Et au-del\u00e0 des dialogues et des r\u00e9pliques, il y avait ces mouvements circulaires des personnages jetant le public dans un univers labyrinthique. Une fa\u00e7on d\u2019exprimer \u00abce blocage de cr\u00e9ation\u00bb, ce \u00abmanque d\u2019inspiration\u00bb et finalement cette qu\u00eate de l\u2019excellence dans l\u2019art, dans l\u2019\u00e9criture et de r\u00e9v\u00e9ler entre autres ce qui demeure cach\u00e9 dans la verve du cr\u00e9ateur. L\u2019\u00e9criture est une aventure\u00a0; parfois dangereuse.<\/p>\n<p class=\"c4\">Et Dejjiti El Housseine s\u2019est aventur\u00e9e dans l\u2019\u00e9criture dramaturgique de la pi\u00e8ce en travaillant et retravaillant le texte de Mohcine Zeroual. Ce n\u2019est pas assez facile de porter ce fardeau. Tous ces mots et ces r\u00e9pliques sur son dos sont expos\u00e9s aux regards \u00e0 la fois tendres et critiques du public. Le metteur en sc\u00e8ne nous montre un \u00e9crivain dans tous ses \u00e9tats: forces et faiblesses. Il est \u00e0 rappeler que ce spectacle a \u00e9t\u00e9 pr\u00e9sent\u00e9 par l\u2019Association Ouachma pour le th\u00e9\u00e2tre et la culture. Une pi\u00e8ce \u00e0 voir!<\/p>\n<p class=\"c5\"><strong>Mohamed Nait Youssef<\/strong><\/p>\n<p>Auteur: M&rsquo;hammed rahal<br \/>\n<a href=\"http:\/\/albayane.press.ma\/double-face-dans-la-peau-dun-ecrivain-pas-comme-les-autres.html\">Cliquez ici pour lire l&rsquo;article depuis sa source.<\/a><\/p>\n","protected":false},"excerpt":{"rendered":"<p>Un spectacle profond, intelligent et bien travaill\u00e9. \u00abDouble face\u00bb est la nouvelle pi\u00e8ce de th\u00e9\u00e2tre mise en sc\u00e8ne par le r\u00e9alisateur et artiste Dejjiti El Housseine\u00a0 qui \u00a0a \u00e9t\u00e9 pr\u00e9sent\u00e9e en avant premi\u00e8re samedi 14 septembre au th\u00e9\u00e2tre du Complexe culturel Sidi Belyouth \u00e0 Casablanca. \u00a0Il est 20h. Les mordus des planches, les\u00a0 artistes et [&hellip;]<\/p>\n","protected":false},"author":1760,"featured_media":0,"comment_status":"closed","ping_status":"closed","sticky":false,"template":"","format":"standard","meta":{"fifu_image_url":"","fifu_image_alt":"","footnotes":""},"categories":[73,54],"tags":[],"class_list":["post-61388","post","type-post","status-publish","format-standard","hentry","category-actualite","category-maroc"],"_links":{"self":[{"href":"https:\/\/linitiative.ca\/International\/wp-json\/wp\/v2\/posts\/61388","targetHints":{"allow":["GET"]}}],"collection":[{"href":"https:\/\/linitiative.ca\/International\/wp-json\/wp\/v2\/posts"}],"about":[{"href":"https:\/\/linitiative.ca\/International\/wp-json\/wp\/v2\/types\/post"}],"author":[{"embeddable":true,"href":"https:\/\/linitiative.ca\/International\/wp-json\/wp\/v2\/users\/1760"}],"replies":[{"embeddable":true,"href":"https:\/\/linitiative.ca\/International\/wp-json\/wp\/v2\/comments?post=61388"}],"version-history":[{"count":0,"href":"https:\/\/linitiative.ca\/International\/wp-json\/wp\/v2\/posts\/61388\/revisions"}],"wp:attachment":[{"href":"https:\/\/linitiative.ca\/International\/wp-json\/wp\/v2\/media?parent=61388"}],"wp:term":[{"taxonomy":"category","embeddable":true,"href":"https:\/\/linitiative.ca\/International\/wp-json\/wp\/v2\/categories?post=61388"},{"taxonomy":"post_tag","embeddable":true,"href":"https:\/\/linitiative.ca\/International\/wp-json\/wp\/v2\/tags?post=61388"}],"curies":[{"name":"wp","href":"https:\/\/api.w.org\/{rel}","templated":true}]}}