{"id":61389,"date":"2019-09-17T07:16:49","date_gmt":"2019-09-17T11:16:49","guid":{"rendered":"https:\/\/linitiative.ca\/International\/pollution-marine-dans-le-souss\/"},"modified":"2019-09-17T07:16:49","modified_gmt":"2019-09-17T11:16:49","slug":"pollution-marine-dans-le-souss","status":"publish","type":"post","link":"https:\/\/linitiative.ca\/International\/pollution-marine-dans-le-souss\/","title":{"rendered":"Pollution marine dans le Souss!"},"content":{"rendered":"<p class=\"c4\"><span class=\"c3\"><strong><span class=\"c2\">O<\/span>n ne cessera jamais d\u2019\u00e9voquer les atteintes d\u00e9plorables que subissent les plages d\u2019Agadir, parmi les plus belles baies du monde. La chaine dunaire, plant\u00e9e d\u2019eucalyptus, qui agr\u00e9mentait les rivages sud et qui faisait la fiert\u00e9 de la premi\u00e8re station baln\u00e9aire du royaume a \u00e9t\u00e9 massacr\u00e9e pour y monter des complexes h\u00f4teliers, pieds dans l\u2019eau.<\/strong><\/span><\/p>\n<p class=\"c4\">La fameuse Marina \u00e9rig\u00e9e au nord mitoyen le port de p\u00eache, quoi qu\u2019ayant imprim\u00e9 un cachet notoire au standing de la ville, avait pareillement \u00e9mouss\u00e9 la splendeur de la nature marine. Le d\u00e9versement direct dans l\u2019immense flot oc\u00e9anique bleu des crues fluviales \u00e9manant des oueds pi\u00e9montais, transforme la plage en affreuse r\u00e9serve d\u2019\u00e9paves et de boue ocre. Un peu plus loin au sud du littoral, vers l\u2019embouchure de l\u2019oued Souss o\u00f9 se sont d\u00e9j\u00e0 align\u00e9es des r\u00e9alisations touristiques de haute facture avec des espaces golfiques, des odeurs naus\u00e9abondes empestent les lieux de grande esquisse \u00e9cologique.<\/p>\n<p class=\"c4\">Au nord de la capitale du Souss, \u00e0 une quinzaine de kilom\u00e8tres, la station baln\u00e9aire de Taghazout met beaucoup de temps \u00e0 voir le jour et fait vivre ces sites pittoresques dans des attentes interminables, avec des terrains remu\u00e9s et des \u00e9cumes malmen\u00e9es, \u00e0 chaque coup de pioche des am\u00e9nageurs d\u00e9veloppeurs en constant d\u00e9sistement, durant des ann\u00e9es.<\/p>\n<p class=\"c4\">On reviendra \u00e9galement sur la probl\u00e9matique environnementale qui secoue la population du quartier d\u2019Anza relevant de la commune urbaine d\u2019Agadir. Depuis d\u00e9j\u00e0 quelques temps, les citoyens d\u00e9plorent les rebondissements de l\u2019apr\u00e8s d\u00e9molition des bidonvilles qui s\u00e9vissaient pendant des ann\u00e9es, notamment Bloc B dont les ultimes destructions avaient fait rage, sous les yeux impuissants des m\u00e9nages constern\u00e9s.<\/p>\n<p class=\"c4\">En effet, les habitants qui fr\u00e9quentent ces c\u00f4tes pour pratiquer leur vocation de pr\u00e9dilection, en particulier la p\u00eache \u00e0 la ligne, le surf, le football\u2026 sont affreusement expos\u00e9s aux eaux pollu\u00e9es. Outre cette pollution accentu\u00e9e qui pr\u00e9vaut dans ces espaces de haute qualit\u00e9 \u00e9cologique, les odeurs \u00e9touffantes infestent ces lieux de long en large, par le biais des vents maritimes. Les voix associatives de la soci\u00e9t\u00e9 civile (plus de vingt structures) s\u2019\u00e9l\u00e8vent contre ces agressions lamentables qui assaillent ce littoral c\u00f4tier de grande marque \u00e9cologique.<\/p>\n<p class=\"c4\">Elles n\u2019arr\u00eatent pas de saisir et d\u2019interpeller toutes les parties concern\u00e9es pour mettre fin \u00e0 cette h\u00e9morragie. Nombre de formes de mobilisation et de protestation sont utilis\u00e9es, particuli\u00e8rement des p\u00e9titions, des communiqu\u00e9s, des sit-in, des marches\u2026 en vue d\u2019attirer les responsables sur cette probl\u00e9matique environnementale.<\/p>\n<p>Auteur: M&rsquo;hammed rahal<br \/>\n<a href=\"http:\/\/albayane.press.ma\/pollution-marine-dans-le-souss.html\">Cliquez ici pour lire l&rsquo;article depuis sa source.<\/a><\/p>\n","protected":false},"excerpt":{"rendered":"<p>On ne cessera jamais d\u2019\u00e9voquer les atteintes d\u00e9plorables que subissent les plages d\u2019Agadir, parmi les plus belles baies du monde. La chaine dunaire, plant\u00e9e d\u2019eucalyptus, qui agr\u00e9mentait les rivages sud et qui faisait la fiert\u00e9 de la premi\u00e8re station baln\u00e9aire du royaume a \u00e9t\u00e9 massacr\u00e9e pour y monter des complexes h\u00f4teliers, pieds dans l\u2019eau. La [&hellip;]<\/p>\n","protected":false},"author":1760,"featured_media":0,"comment_status":"closed","ping_status":"closed","sticky":false,"template":"","format":"standard","meta":{"fifu_image_url":"","fifu_image_alt":"","footnotes":""},"categories":[73,54],"tags":[],"class_list":["post-61389","post","type-post","status-publish","format-standard","hentry","category-actualite","category-maroc"],"_links":{"self":[{"href":"https:\/\/linitiative.ca\/International\/wp-json\/wp\/v2\/posts\/61389","targetHints":{"allow":["GET"]}}],"collection":[{"href":"https:\/\/linitiative.ca\/International\/wp-json\/wp\/v2\/posts"}],"about":[{"href":"https:\/\/linitiative.ca\/International\/wp-json\/wp\/v2\/types\/post"}],"author":[{"embeddable":true,"href":"https:\/\/linitiative.ca\/International\/wp-json\/wp\/v2\/users\/1760"}],"replies":[{"embeddable":true,"href":"https:\/\/linitiative.ca\/International\/wp-json\/wp\/v2\/comments?post=61389"}],"version-history":[{"count":0,"href":"https:\/\/linitiative.ca\/International\/wp-json\/wp\/v2\/posts\/61389\/revisions"}],"wp:attachment":[{"href":"https:\/\/linitiative.ca\/International\/wp-json\/wp\/v2\/media?parent=61389"}],"wp:term":[{"taxonomy":"category","embeddable":true,"href":"https:\/\/linitiative.ca\/International\/wp-json\/wp\/v2\/categories?post=61389"},{"taxonomy":"post_tag","embeddable":true,"href":"https:\/\/linitiative.ca\/International\/wp-json\/wp\/v2\/tags?post=61389"}],"curies":[{"name":"wp","href":"https:\/\/api.w.org\/{rel}","templated":true}]}}