{"id":61390,"date":"2019-09-17T07:52:10","date_gmt":"2019-09-17T11:52:10","guid":{"rendered":"https:\/\/linitiative.ca\/International\/fete-de-lhuma-les-chemins-de-lhumanite\/"},"modified":"2019-09-17T07:52:10","modified_gmt":"2019-09-17T11:52:10","slug":"fete-de-lhuma-les-chemins-de-lhumanite","status":"publish","type":"post","link":"https:\/\/linitiative.ca\/International\/fete-de-lhuma-les-chemins-de-lhumanite\/","title":{"rendered":"F\u00eate de l\u2019Huma: Les chemins de l\u2019Humanit\u00e9!"},"content":{"rendered":"<div>\n<h5 style=\"text-align: right;\"><span style=\"color: #ff0000;\"><strong>DNES \u00e0 Paris\u00a0: Saoudi El Amalki<\/strong><\/span><\/h5>\n<p style=\"text-align: justify;\"><span style=\"color: #0000ff;\"><strong><span style=\"color: #ff0000;\"><img loading=\"lazy\" decoding=\"async\" class=\" wp-image-81299 alignleft\" src=\"http:\/\/albayane.press.ma\/wp-content\/uploads\/5-11-230x130.jpg\" alt=\"\" width=\"208\" height=\"118\">L<\/span>e rideau de la f\u00eate de l\u2019Humanit\u00e9 vient de tomber, ce dimanche en apoth\u00e9ose. Des d\u00e9l\u00e9gations de tous les coins du monde ont pass\u00e9 trois jours de partage et de plaisir autour des grandes valeurs de l\u2019humanit\u00e9.<\/strong><\/span><\/p>\n<p style=\"text-align: justify;\">Des moments aussi de divertissement dans l\u2019immense site du Bourget qui flamboie, en ces moments de liesse collective. La messe aura tenu toutes ses promesses lors de cette 84\u00e8me \u00e9dition, peut-\u00eatre encore plus juteuse que ses pr\u00e9c\u00e9dentes, au vu de l\u2019engouement des g\u00e9antes vagues humaines qui d\u00e9ferlent sur les all\u00e9es de l\u2019espace, portant le nom des prestigieuses personnalit\u00e9s de la plan\u00e8te, toutes tendances confondues.<\/p>\n<p style=\"text-align: justify;\">De m\u00eame, le village du monde o\u00f9 se c\u00f4toient les diverses ethnies et cultures du globe impriment \u00e0 ce rassemblement toute l\u2019incarnation des vertus supr\u00eames de l\u2019humanit\u00e9 et des causes loyales auxquelles elle aspire. Des pr\u00e9ceptes de fond auxquels Patrick Le Hyaric, directeur du journal fond\u00e9 par l\u2019illustre communiste Jean Jaur\u00e8s, reviendra avec ferveur, lors de son traditionnel discours inaugural.<\/p>\n<p style=\"text-align: justify;\">A l\u2019instar des repr\u00e9sentations des autres pays, le stand d\u2019Al Bayane, organe de presse du PPS, s\u2019est dress\u00e9 aux c\u00f4t\u00e9s de cette mosa\u00efque mondiale. Joliment pavois\u00e9 par des banderoles et portraits de symboles historiques du parti qui portaient des slogans patriotiques et internationalistes et des souvenirs nostalgiques, cette aire en pompe brillait par le dynamisme des membres de la section du parti \u00e0 Paris qui s\u2019ing\u00e9niaient \u00e0 y mettre de l\u2019\u00e9clat et du rayonnement.<\/p>\n<p style=\"text-align: justify;\"><img loading=\"lazy\" decoding=\"async\" class=\" wp-image-81300 alignleft\" src=\"http:\/\/albayane.press.ma\/wp-content\/uploads\/6-4-230x130.jpg\" alt=\"\" width=\"218\" height=\"123\">Rehauss\u00e9 \u00e9galement par la pr\u00e9sence remarqu\u00e9e de Mahtat Rakas (directeur de la publication de ALBAYANE et Bayane Al Yaoume et pr\u00e9sident du directoire de l\u2019entreprise Bayane.sa), de Mohammed Bouraoui, directeur administratif et financier et membre du directoire de l\u2019entreprise, de Mohammed Khalil (collaborateur au journal ALBAYANE), ainsi que Touria Skalli, et Saoudi El Amalki, membres du bureau politique du PPS, le stand drainait des visiteurs de tous bords, fortement impressionn\u00e9s par la chaleur et l\u2019ardeur des camarades Khalid Pijou, secr\u00e9taire de la section du parti \u00e0 paris, Lahyani, Ramdani, Houari, Bouchane, Benkhay, Abdelkader, les deux Zineb, Mouloud, Fettah\u2026On ne peut que saluer au passage, l\u2019abn\u00e9gation et la pers\u00e9v\u00e9rance de ces militant qui ont fait honneur \u00e0 leur parti et \u00e0 leur patrie.<\/p>\n<p style=\"text-align: justify;\">Au-del\u00e0 de ces festivit\u00e9s auxquelles prennent ardemment part nos camarades, il convient aussi de signaler l\u2019activisme dont ont fait part les membres du bureau politique pr\u00e9sent \u00e0 la f\u00eate de l\u2019Huma. Dans ce sens, on notera les rencontres et les \u00e9changes entretenus avec les d\u00e9l\u00e9gations et les personnalit\u00e9s de nombre de mouvements et forces\u00a0 progressistes. en tant que dirigeante nationale du parti et d\u00e9put\u00e9e au parlement, s\u2019est \u00e9nergiquement oppos\u00e9e \u00e0 certains passages \u00abhostiles\u00bb relatifs \u00e0 la question de l\u2019int\u00e9grit\u00e9 nationale, contenus dans le discours du directeur de l\u2019Humanit\u00e9, lors d\u2019une br\u00e8ve entrevue, \u00e0 la fin de la c\u00e9r\u00e9monie d\u2019ouverture.<\/p>\n<p style=\"text-align: justify;\"><img loading=\"lazy\" decoding=\"async\" class=\" wp-image-81301 alignleft\" src=\"http:\/\/albayane.press.ma\/wp-content\/uploads\/403ea4fd-6e48-44f5-b46d-f3f146f36fe0-230x130.jpg\" alt=\"\" width=\"221\" height=\"125\">Dans le m\u00eame contexte, le camarade Saoudi El Amalki, membre du bureau politique et journaliste \u00e0 Al Bayane s\u2019est longuement entretenu avec le m\u00eame interlocuteur (entretien qui sera publi\u00e9 incessamment). Enfin, il importe d\u2019avancer que la pr\u00e9sence dans une somptueuse f\u00eate qui r\u00e9unit des d\u00e9fenseurs des id\u00e9aux de la paix, de la d\u00e9mocratie, de la libert\u00e9, de la justice sociale\u2026est toujours une belle opportunit\u00e9 pour ouvrir davantage les chemins salvateurs de l\u2019Humanit\u00e9.<\/p>\n<p>L\u2019article <a rel=\"nofollow\" href=\"http:\/\/albayane.press.ma\/fete-de-lhuma-les-chemins-de-lhumanite.html\">F\u00eate de l\u2019Huma: Les chemins de l\u2019Humanit\u00e9!<\/a> est apparu en premier sur <a rel=\"nofollow\" href=\"http:\/\/albayane.press.ma\/\">ALBAYANE<\/a>.<\/p>\n<\/div>\n<p>Auteur: M&rsquo;hammed rahal<br \/>\n<a href=\"http:\/\/albayane.press.ma\/fete-de-lhuma-les-chemins-de-lhumanite.html\">Cliquez ici pour lire l&rsquo;article depuis sa source.<\/a><\/p>\n","protected":false},"excerpt":{"rendered":"<p>DNES \u00e0 Paris\u00a0: Saoudi El Amalki Le rideau de la f\u00eate de l\u2019Humanit\u00e9 vient de tomber, ce dimanche en apoth\u00e9ose. Des d\u00e9l\u00e9gations de tous les coins du monde ont pass\u00e9 trois jours de partage et de plaisir autour des grandes valeurs de l\u2019humanit\u00e9. Des moments aussi de divertissement dans l\u2019immense site du Bourget qui flamboie, [&hellip;]<\/p>\n","protected":false},"author":1760,"featured_media":61391,"comment_status":"closed","ping_status":"closed","sticky":false,"template":"","format":"standard","meta":{"fifu_image_url":"","fifu_image_alt":"","footnotes":""},"categories":[73,54],"tags":[],"class_list":["post-61390","post","type-post","status-publish","format-standard","has-post-thumbnail","hentry","category-actualite","category-maroc"],"_links":{"self":[{"href":"https:\/\/linitiative.ca\/International\/wp-json\/wp\/v2\/posts\/61390","targetHints":{"allow":["GET"]}}],"collection":[{"href":"https:\/\/linitiative.ca\/International\/wp-json\/wp\/v2\/posts"}],"about":[{"href":"https:\/\/linitiative.ca\/International\/wp-json\/wp\/v2\/types\/post"}],"author":[{"embeddable":true,"href":"https:\/\/linitiative.ca\/International\/wp-json\/wp\/v2\/users\/1760"}],"replies":[{"embeddable":true,"href":"https:\/\/linitiative.ca\/International\/wp-json\/wp\/v2\/comments?post=61390"}],"version-history":[{"count":0,"href":"https:\/\/linitiative.ca\/International\/wp-json\/wp\/v2\/posts\/61390\/revisions"}],"wp:featuredmedia":[{"embeddable":true,"href":"https:\/\/linitiative.ca\/International\/wp-json\/"}],"wp:attachment":[{"href":"https:\/\/linitiative.ca\/International\/wp-json\/wp\/v2\/media?parent=61390"}],"wp:term":[{"taxonomy":"category","embeddable":true,"href":"https:\/\/linitiative.ca\/International\/wp-json\/wp\/v2\/categories?post=61390"},{"taxonomy":"post_tag","embeddable":true,"href":"https:\/\/linitiative.ca\/International\/wp-json\/wp\/v2\/tags?post=61390"}],"curies":[{"name":"wp","href":"https:\/\/api.w.org\/{rel}","templated":true}]}}