{"id":61392,"date":"2019-09-17T08:08:35","date_gmt":"2019-09-17T12:08:35","guid":{"rendered":"https:\/\/linitiative.ca\/International\/lancement-officiel-et-adoption-des-recommandations-de-loms\/"},"modified":"2019-09-17T08:08:35","modified_gmt":"2019-09-17T12:08:35","slug":"lancement-officiel-et-adoption-des-recommandations-de-loms","status":"publish","type":"post","link":"https:\/\/linitiative.ca\/International\/lancement-officiel-et-adoption-des-recommandations-de-loms\/","title":{"rendered":"Lancement officiel et adoption des recommandations de l\u2019OMS"},"content":{"rendered":"<p class=\"c4\"><span class=\"c3\"><strong><span class=\"c2\">L<\/span>es recommandations de l\u2019Organisation mondiale de la sant\u00e9 (OMS) sur les soins auto-administr\u00e9s (self-care) pour la sant\u00e9 sexuelle et reproductive (SSR), ont \u00e9t\u00e9 adopt\u00e9es lundi \u00e0 Rabat, lors d\u2019une c\u00e9r\u00e9monie de lancement organis\u00e9e \u00e0 l\u2019initiative du minist\u00e8re de la Sant\u00e9, en partenariat avec l\u2019Organisation pan-africaine de lutte contre le SIDA (OPALS), et avec l\u2019appui de l\u2019OMS.<\/strong><\/span><\/p>\n<p class=\"c4\">Cette rencontre, organis\u00e9e sur trois jours, vise \u00e0 d\u00e9terminer les crit\u00e8res facilitant l\u2019adoption des interventions d\u2019auto-soins au niveau national, et \u00e0 d\u00e9battre les approches et les processus de leur int\u00e9gration dans les politiques et programmes de sant\u00e9.<\/p>\n<p class=\"c4\">L\u2019\u00e9v\u00e9nement accueille quelque 200 participants, dont les repr\u00e9sentants des directions centrales du minist\u00e8re de la Sant\u00e9, du Centre collaborateur de l\u2019OMS en sant\u00e9 reproductive et maternelle, du minist\u00e8re de l\u2019\u00c9ducation nationale, de la formation professionnelle, de l\u2019enseignement sup\u00e9rieur et de la recherche scientifique, du minist\u00e8re de la Jeunesse et des sports, du minist\u00e8re de la Famille, de la solidarit\u00e9, de l\u2019\u00e9galit\u00e9 et du d\u00e9veloppement social, de m\u00eame que les partenaires, dont le FNUAP, l\u2019UNICEF, l\u2019ONUSIDA, la Banque mondiale, et ONUFEMME.<\/p>\n<p class=\"c4\">Il est \u00e0 signaler que le Maroc est le premier pays africain et arabe \u00e0 abriter le lancement officiel de ces recommandations en vue d\u2019am\u00e9liorer l\u2019autonomie de sa population, de contribuer \u00e0 son bien-\u00eatre, et de garantir des progr\u00e8s rapides dans la r\u00e9alisation des objectifs de d\u00e9veloppement durable li\u00e9s \u00e0 la sant\u00e9 et conformes \u00e0 la strat\u00e9gie globale pour la sant\u00e9 des femmes, des enfants et des adolescents (2016-2030) et au Plan sant\u00e9 2025.<\/p>\n<p class=\"c4\">Par ailleurs, ces interventions font partie des nouvelles approches pour am\u00e9liorer la sant\u00e9 et le bien-\u00eatre, aussi bien du point de vue des syst\u00e8mes de sant\u00e9 que pour les personnes qui les utilisent. Dans ce sillage, L\u2019OMS d\u00e9finit les soins auto-administr\u00e9s comme la capacit\u00e9 des personnes, des familles et des communaut\u00e9s \u00e0 faire la promotion de la sant\u00e9, \u00e0 pr\u00e9venir les maladies, \u00e0 rester en bonne sant\u00e9 et \u00e0 faire face \u00e0 la maladie et au handicap avec ou sans l\u2019accompagnement d\u2019un prestataire de soins.<\/p>\n<p class=\"c4\">Deux autres journ\u00e9es d\u2019\u00e9change sont pr\u00e9vues, r\u00e9parties sur 5 s\u00e9ances ax\u00e9es sur \u00ables principes, approches et facteurs favorisants d\u2019interventions d\u2019auto-prise en charge en SSR\u00bb, \u00abadoption des principales recommandations sur les interventions d\u2019auto-prise en charge\u00bb, \u00ables facteurs facilitateurs d\u2019implantations d\u2019interventions d\u2019auto prise en charge en SSR\u00bb, \u00ables principales activit\u00e9s pour renforcer les soins auto-administr\u00e9s en mati\u00e8re de SSR au niveau des soins de sant\u00e9 primaires\u00bb, et sur \u00ables principales activit\u00e9s pour renforcer les soins auto-administr\u00e9s en mati\u00e8re de SSR au niveau communautaire\u00bb.<br \/>Cet \u00e9v\u00e9nement sera cl\u00f4tur\u00e9 par la tenue d\u2019une table ronde pour discuter des principales actions et mesures visant \u00e0 adopter les interventions de soins auto-administr\u00e9s en SSR.<\/p>\n<p>Auteur: M&rsquo;hammed rahal<br \/>\n<a href=\"http:\/\/albayane.press.ma\/lancement-officiel-et-adoption-des-recommandations-de-loms.html\">Cliquez ici pour lire l&rsquo;article depuis sa source.<\/a><\/p>\n","protected":false},"excerpt":{"rendered":"<p>Les recommandations de l\u2019Organisation mondiale de la sant\u00e9 (OMS) sur les soins auto-administr\u00e9s (self-care) pour la sant\u00e9 sexuelle et reproductive (SSR), ont \u00e9t\u00e9 adopt\u00e9es lundi \u00e0 Rabat, lors d\u2019une c\u00e9r\u00e9monie de lancement organis\u00e9e \u00e0 l\u2019initiative du minist\u00e8re de la Sant\u00e9, en partenariat avec l\u2019Organisation pan-africaine de lutte contre le SIDA (OPALS), et avec l\u2019appui de [&hellip;]<\/p>\n","protected":false},"author":1760,"featured_media":0,"comment_status":"closed","ping_status":"closed","sticky":false,"template":"","format":"standard","meta":{"fifu_image_url":"","fifu_image_alt":"","footnotes":""},"categories":[73,54],"tags":[],"class_list":["post-61392","post","type-post","status-publish","format-standard","hentry","category-actualite","category-maroc"],"_links":{"self":[{"href":"https:\/\/linitiative.ca\/International\/wp-json\/wp\/v2\/posts\/61392","targetHints":{"allow":["GET"]}}],"collection":[{"href":"https:\/\/linitiative.ca\/International\/wp-json\/wp\/v2\/posts"}],"about":[{"href":"https:\/\/linitiative.ca\/International\/wp-json\/wp\/v2\/types\/post"}],"author":[{"embeddable":true,"href":"https:\/\/linitiative.ca\/International\/wp-json\/wp\/v2\/users\/1760"}],"replies":[{"embeddable":true,"href":"https:\/\/linitiative.ca\/International\/wp-json\/wp\/v2\/comments?post=61392"}],"version-history":[{"count":0,"href":"https:\/\/linitiative.ca\/International\/wp-json\/wp\/v2\/posts\/61392\/revisions"}],"wp:attachment":[{"href":"https:\/\/linitiative.ca\/International\/wp-json\/wp\/v2\/media?parent=61392"}],"wp:term":[{"taxonomy":"category","embeddable":true,"href":"https:\/\/linitiative.ca\/International\/wp-json\/wp\/v2\/categories?post=61392"},{"taxonomy":"post_tag","embeddable":true,"href":"https:\/\/linitiative.ca\/International\/wp-json\/wp\/v2\/tags?post=61392"}],"curies":[{"name":"wp","href":"https:\/\/api.w.org\/{rel}","templated":true}]}}